{"id":57851,"date":"2025-11-12T18:08:28","date_gmt":"2025-11-12T21:08:28","guid":{"rendered":"https:\/\/hablemosclarotdf.com.ar\/?p=57851"},"modified":"2025-11-12T18:08:28","modified_gmt":"2025-11-12T21:08:28","slug":"se-viene-una-nueva-edicion-de-feriantes-del-fin-del-mundo-en-el-marco-del-mes-de-la-tradicion","status":"publish","type":"post","link":"https:\/\/hablemosclarotdf.com.ar\/?p=57851","title":{"rendered":"SE VIENE UNA NUEVA EDICI\u00d3N DE \u201cFERIANTES DEL FIN DEL MUNDO\u201d EN EL MARCO DEL MES DE LA TRADICI\u00d3N"},"content":{"rendered":"<p>El Gobierno de la Provincia de Tierra del Fuego, a trav\u00e9s de la Secretar\u00eda de Representaci\u00f3n Pol\u00edtica, invita a la comunidad a disfrutar de una nueva edici\u00f3n de \u201cFeriantes del Fin del Mundo\u201d, en el marco de las celebraciones por el mes de la tradici\u00f3n.<\/p>\n<p>El evento se realizar\u00e1 los d\u00edas s\u00e1bado 15 y domingo 16 de noviembre, de 12 a 20 horas, en el Colegio provincial Luis Piedrabuena en Col\u00f3n 751 de R\u00edo Grande.<\/p>\n<p>Esta edici\u00f3n contar\u00e1 con la participaci\u00f3n de emprendedores locales de los rubros indumentaria, tecnolog\u00eda, accesorios, artesan\u00edas y un variado patio gastron\u00f3mico, ofreciendo una gran variedad de productos para celebrar el d\u00eda de la tradici\u00f3n.<\/p>\n<p>El objetivo de la feria es continuar acompa\u00f1ando y visibilizando el trabajo de los emprendedores y feriantes de R\u00edo Grande, generando un espacio de encuentro, comercializaci\u00f3n y disfrute en familia, donde se promueven nuestras tradiciones y la identidad fueguina.<\/p>\n<p><img loading=\"lazy\" decoding=\"async\" class=\"alignnone size-medium wp-image-57853\" src=\"https:\/\/hablemosclarotdf.com.ar\/wp-content\/uploads\/2025\/11\/photo_2025-11-12_18-06-52-300x169.jpg\" alt=\"\" width=\"300\" height=\"169\" srcset=\"https:\/\/hablemosclarotdf.com.ar\/wp-content\/uploads\/2025\/11\/photo_2025-11-12_18-06-52-300x169.jpg 300w, https:\/\/hablemosclarotdf.com.ar\/wp-content\/uploads\/2025\/11\/photo_2025-11-12_18-06-52-1024x576.jpg 1024w, https:\/\/hablemosclarotdf.com.ar\/wp-content\/uploads\/2025\/11\/photo_2025-11-12_18-06-52-768x432.jpg 768w, https:\/\/hablemosclarotdf.com.ar\/wp-content\/uploads\/2025\/11\/photo_2025-11-12_18-06-52.jpg 1280w\" sizes=\"auto, (max-width: 300px) 100vw, 300px\" \/> <img loading=\"lazy\" decoding=\"async\" class=\"alignnone size-medium wp-image-57854\" src=\"https:\/\/hablemosclarotdf.com.ar\/wp-content\/uploads\/2025\/11\/photo_2025-11-12_18-06-16-300x169.jpg\" alt=\"\" width=\"300\" height=\"169\" srcset=\"https:\/\/hablemosclarotdf.com.ar\/wp-content\/uploads\/2025\/11\/photo_2025-11-12_18-06-16-300x169.jpg 300w, https:\/\/hablemosclarotdf.com.ar\/wp-content\/uploads\/2025\/11\/photo_2025-11-12_18-06-16-1024x576.jpg 1024w, https:\/\/hablemosclarotdf.com.ar\/wp-content\/uploads\/2025\/11\/photo_2025-11-12_18-06-16-768x432.jpg 768w, https:\/\/hablemosclarotdf.com.ar\/wp-content\/uploads\/2025\/11\/photo_2025-11-12_18-06-16.jpg 1280w\" sizes=\"auto, (max-width: 300px) 100vw, 300px\" \/> <img loading=\"lazy\" decoding=\"async\" class=\"alignnone size-medium wp-image-57855\" src=\"https:\/\/hablemosclarotdf.com.ar\/wp-content\/uploads\/2025\/11\/photo_2025-11-12_18-06-20-300x169.jpg\" alt=\"\" width=\"300\" height=\"169\" srcset=\"https:\/\/hablemosclarotdf.com.ar\/wp-content\/uploads\/2025\/11\/photo_2025-11-12_18-06-20-300x169.jpg 300w, https:\/\/hablemosclarotdf.com.ar\/wp-content\/uploads\/2025\/11\/photo_2025-11-12_18-06-20-1024x576.jpg 1024w, https:\/\/hablemosclarotdf.com.ar\/wp-content\/uploads\/2025\/11\/photo_2025-11-12_18-06-20-768x432.jpg 768w, https:\/\/hablemosclarotdf.com.ar\/wp-content\/uploads\/2025\/11\/photo_2025-11-12_18-06-20.jpg 1280w\" sizes=\"auto, (max-width: 300px) 100vw, 300px\" \/><\/p>\n","protected":false},"excerpt":{"rendered":"<p>El Gobierno de la Provincia de Tierra del Fuego, a trav\u00e9s de la Secretar\u00eda de&#8230;<\/p>\n","protected":false},"author":1,"featured_media":57852,"comment_status":"closed","ping_status":"closed","sticky":false,"template":"","format":"standard","meta":{"footnotes":""},"categories":[3],"tags":[],"class_list":["post-57851","post","type-post","status-publish","format-standard","has-post-thumbnail","hentry","category-noticias"],"jetpack_featured_media_url":"https:\/\/hablemosclarotdf.com.ar\/wp-content\/uploads\/2025\/11\/photo_2025-11-12_18-05-16.jpg","_links":{"self":[{"href":"https:\/\/hablemosclarotdf.com.ar\/index.php?rest_route=\/wp\/v2\/posts\/57851","targetHints":{"allow":["GET"]}}],"collection":[{"href":"https:\/\/hablemosclarotdf.com.ar\/index.php?rest_route=\/wp\/v2\/posts"}],"about":[{"href":"https:\/\/hablemosclarotdf.com.ar\/index.php?rest_route=\/wp\/v2\/types\/post"}],"author":[{"embeddable":true,"href":"https:\/\/hablemosclarotdf.com.ar\/index.php?rest_route=\/wp\/v2\/users\/1"}],"replies":[{"embeddable":true,"href":"https:\/\/hablemosclarotdf.com.ar\/index.php?rest_route=%2Fwp%2Fv2%2Fcomments&post=57851"}],"version-history":[{"count":1,"href":"https:\/\/hablemosclarotdf.com.ar\/index.php?rest_route=\/wp\/v2\/posts\/57851\/revisions"}],"predecessor-version":[{"id":57856,"href":"https:\/\/hablemosclarotdf.com.ar\/index.php?rest_route=\/wp\/v2\/posts\/57851\/revisions\/57856"}],"wp:featuredmedia":[{"embeddable":true,"href":"https:\/\/hablemosclarotdf.com.ar\/index.php?rest_route=\/wp\/v2\/media\/57852"}],"wp:attachment":[{"href":"https:\/\/hablemosclarotdf.com.ar\/index.php?rest_route=%2Fwp%2Fv2%2Fmedia&parent=57851"}],"wp:term":[{"taxonomy":"category","embeddable":true,"href":"https:\/\/hablemosclarotdf.com.ar\/index.php?rest_route=%2Fwp%2Fv2%2Fcategories&post=57851"},{"taxonomy":"post_tag","embeddable":true,"href":"https:\/\/hablemosclarotdf.com.ar\/index.php?rest_route=%2Fwp%2Fv2%2Ftags&post=57851"}],"curies":[{"name":"wp","href":"https:\/\/api.w.org\/{rel}","templated":true}]}}