{"id":57846,"date":"2025-11-12T18:04:08","date_gmt":"2025-11-12T21:04:08","guid":{"rendered":"https:\/\/hablemosclarotdf.com.ar\/?p=57846"},"modified":"2025-11-12T18:04:08","modified_gmt":"2025-11-12T21:04:08","slug":"tierra-del-fuego-participo-del-lanzamiento-del-evento-la-noche-de-las-casas-de-provincias-2025","status":"publish","type":"post","link":"https:\/\/hablemosclarotdf.com.ar\/?p=57846","title":{"rendered":"TIERRA DEL FUEGO PARTICIP\u00d3 DEL LANZAMIENTO DEL EVENTO LA NOCHE DE LAS CASAS DE PROVINCIAS 2025"},"content":{"rendered":"<p>Autoridades de la Casa de Tierra del Fuego, participaron del lanzamiento oficial del evento La Noche de las Casas de Provincias 2025, que se llev\u00f3 a cabo en Buenos Aires en la sede del Consejo Federal de Inversiones.<\/p>\n<p>\u201cParte del esfuerzo que se hace para la Noche de las Casas de las Provincias sintetiza lo que queremos hacer desde el organismo, poner el \u00e9nfasis en las actividades art\u00edsticas y productivas que tienen las provincias\u201d, dijo el secretario general del CFI Ignacio Lamothe.<\/p>\n<p>\u201cVemos un enorme potencial de marca y de capacidad exportadora que tienen las provincias, y este evento es un buen momento para mostrar todo eso\u201d, agreg\u00f3.<\/p>\n<p>En esta edici\u00f3n, la Casa de Tierra del Fuego contar\u00e1 con una exposici\u00f3n de productos y emprendimientos fueguinos, adem\u00e1s de la tradicional velada de m\u00fasica y danza, que se realizar\u00e1 el jueves 27 de noviembre, de 18 a 00 hs, en el microcentro de la ciudad de Buenos Aires.<\/p>\n<p><img loading=\"lazy\" decoding=\"async\" class=\"alignnone size-medium wp-image-57848\" src=\"https:\/\/hablemosclarotdf.com.ar\/wp-content\/uploads\/2025\/11\/photo_2025-11-12_18-03-15-300x200.jpg\" alt=\"\" width=\"300\" height=\"200\" srcset=\"https:\/\/hablemosclarotdf.com.ar\/wp-content\/uploads\/2025\/11\/photo_2025-11-12_18-03-15-300x200.jpg 300w, https:\/\/hablemosclarotdf.com.ar\/wp-content\/uploads\/2025\/11\/photo_2025-11-12_18-03-15-1024x683.jpg 1024w, https:\/\/hablemosclarotdf.com.ar\/wp-content\/uploads\/2025\/11\/photo_2025-11-12_18-03-15-768x512.jpg 768w, https:\/\/hablemosclarotdf.com.ar\/wp-content\/uploads\/2025\/11\/photo_2025-11-12_18-03-15.jpg 1280w\" sizes=\"auto, (max-width: 300px) 100vw, 300px\" \/> <img loading=\"lazy\" decoding=\"async\" class=\"alignnone size-medium wp-image-57849\" src=\"https:\/\/hablemosclarotdf.com.ar\/wp-content\/uploads\/2025\/11\/photo_2025-11-12_18-03-19-300x200.jpg\" alt=\"\" width=\"300\" height=\"200\" srcset=\"https:\/\/hablemosclarotdf.com.ar\/wp-content\/uploads\/2025\/11\/photo_2025-11-12_18-03-19-300x200.jpg 300w, https:\/\/hablemosclarotdf.com.ar\/wp-content\/uploads\/2025\/11\/photo_2025-11-12_18-03-19-1024x683.jpg 1024w, https:\/\/hablemosclarotdf.com.ar\/wp-content\/uploads\/2025\/11\/photo_2025-11-12_18-03-19-768x512.jpg 768w, https:\/\/hablemosclarotdf.com.ar\/wp-content\/uploads\/2025\/11\/photo_2025-11-12_18-03-19.jpg 1280w\" sizes=\"auto, (max-width: 300px) 100vw, 300px\" \/><\/p>\n","protected":false},"excerpt":{"rendered":"<p>Autoridades de la Casa de Tierra del Fuego, participaron del lanzamiento oficial del evento La&#8230;<\/p>\n","protected":false},"author":1,"featured_media":57847,"comment_status":"closed","ping_status":"closed","sticky":false,"template":"","format":"standard","meta":{"footnotes":""},"categories":[3],"tags":[],"class_list":["post-57846","post","type-post","status-publish","format-standard","has-post-thumbnail","hentry","category-noticias"],"jetpack_featured_media_url":"https:\/\/hablemosclarotdf.com.ar\/wp-content\/uploads\/2025\/11\/photo_2025-11-12_18-03-07.jpg","_links":{"self":[{"href":"https:\/\/hablemosclarotdf.com.ar\/index.php?rest_route=\/wp\/v2\/posts\/57846","targetHints":{"allow":["GET"]}}],"collection":[{"href":"https:\/\/hablemosclarotdf.com.ar\/index.php?rest_route=\/wp\/v2\/posts"}],"about":[{"href":"https:\/\/hablemosclarotdf.com.ar\/index.php?rest_route=\/wp\/v2\/types\/post"}],"author":[{"embeddable":true,"href":"https:\/\/hablemosclarotdf.com.ar\/index.php?rest_route=\/wp\/v2\/users\/1"}],"replies":[{"embeddable":true,"href":"https:\/\/hablemosclarotdf.com.ar\/index.php?rest_route=%2Fwp%2Fv2%2Fcomments&post=57846"}],"version-history":[{"count":1,"href":"https:\/\/hablemosclarotdf.com.ar\/index.php?rest_route=\/wp\/v2\/posts\/57846\/revisions"}],"predecessor-version":[{"id":57850,"href":"https:\/\/hablemosclarotdf.com.ar\/index.php?rest_route=\/wp\/v2\/posts\/57846\/revisions\/57850"}],"wp:featuredmedia":[{"embeddable":true,"href":"https:\/\/hablemosclarotdf.com.ar\/index.php?rest_route=\/wp\/v2\/media\/57847"}],"wp:attachment":[{"href":"https:\/\/hablemosclarotdf.com.ar\/index.php?rest_route=%2Fwp%2Fv2%2Fmedia&parent=57846"}],"wp:term":[{"taxonomy":"category","embeddable":true,"href":"https:\/\/hablemosclarotdf.com.ar\/index.php?rest_route=%2Fwp%2Fv2%2Fcategories&post=57846"},{"taxonomy":"post_tag","embeddable":true,"href":"https:\/\/hablemosclarotdf.com.ar\/index.php?rest_route=%2Fwp%2Fv2%2Ftags&post=57846"}],"curies":[{"name":"wp","href":"https:\/\/api.w.org\/{rel}","templated":true}]}}