{"id":57824,"date":"2025-11-12T17:51:35","date_gmt":"2025-11-12T20:51:35","guid":{"rendered":"https:\/\/hablemosclarotdf.com.ar\/?p=57824"},"modified":"2025-11-12T17:51:35","modified_gmt":"2025-11-12T20:51:35","slug":"c-d-tolhuin-%f0%9f%93%8bsesion-extraordinaria-y-una-visita-muy-especial-en-el-concejo-deliberante-%f0%9f%8c%bf","status":"publish","type":"post","link":"https:\/\/hablemosclarotdf.com.ar\/?p=57824","title":{"rendered":"C.D.TOLHUIN : \ud83d\udccbSesi\u00f3n Extraordinaria y una visita muy especial en el Concejo Deliberante \ud83c\udf3f"},"content":{"rendered":"<p>El Concejo Deliberante de Tolhuin llev\u00f3 adelante una Sesi\u00f3n Extraordinaria, en la que se abordaron distintos asuntos elevados por el Ejecutivo Municipal, vinculados a adjudicaciones de terrenos con destino comercial, en el marco de la Ordenanza N.\u00ba 678\/25 y sus modificatorias.<br \/>\n.<br \/>\nLa Sesi\u00f3n fue presidida por el edil Matias Rodriguez Ojeda y cont\u00f3 con la presencia de todo el Cuerpo de Concejales, destacando entre los temas tratados los Asuntos N.\u00ba 1812\/25 y 1813\/25, que proponen adjudicaciones de parcelas a vecinos de la ciudad para el desarrollo de nuevos emprendimientos comerciales. Ambos expedientes fueron girados a las comisiones correspondientes para su an\u00e1lisis, continuando as\u00ed con el compromiso del Concejo de acompa\u00f1ar el crecimiento urbano y econ\u00f3mico de Tolhuin con responsabilidad.<br \/>\n.<br \/>\nAl finalizar la sesi\u00f3n, el Concejo recibi\u00f3 la visita de los ni\u00f1os y ni\u00f1as de la Sala Celeste del Jard\u00edn de Infantes N\u00b013 \u201cZhiozhi\u201d, quienes compartieron su hermosa experiencia educativa en la ciudad de Ushuaia.<br \/>\n.<br \/>\nLa salida, gestionada por el Concejo Deliberante, fue posible gracias al acompa\u00f1amiento del intendente de Ushuaia, Walter Vuoto, y de la secretaria de Turismo Municipal, Viviana Manfredotti, quienes impulsan este tipo de iniciativas que permiten a las infancias de Tolhuin conocer y disfrutar de los atractivos tur\u00edsticos de la provincia.<br \/>\n.<br \/>\nDurante la visita, los chicos contaron con entusiasmo todo lo vivido en los catamaranes del Canal Beagle y en el Museo Mar\u00edtimo y del Presidio, dando cuenta de c\u00f3mo el turismo social cumple un rol fundamental en el desarrollo de las infancias, al brindar igualdad de oportunidades para conocer, aprender y disfrutar de los espacios naturales y culturales de nuestra provincia.<\/p>\n<p><img loading=\"lazy\" decoding=\"async\" class=\"alignnone size-medium wp-image-57826\" src=\"https:\/\/hablemosclarotdf.com.ar\/wp-content\/uploads\/2025\/11\/photo_2025-11-12_17-50-22-300x208.jpg\" alt=\"\" width=\"300\" height=\"208\" srcset=\"https:\/\/hablemosclarotdf.com.ar\/wp-content\/uploads\/2025\/11\/photo_2025-11-12_17-50-22-300x208.jpg 300w, https:\/\/hablemosclarotdf.com.ar\/wp-content\/uploads\/2025\/11\/photo_2025-11-12_17-50-22-1024x710.jpg 1024w, https:\/\/hablemosclarotdf.com.ar\/wp-content\/uploads\/2025\/11\/photo_2025-11-12_17-50-22-768x532.jpg 768w, https:\/\/hablemosclarotdf.com.ar\/wp-content\/uploads\/2025\/11\/photo_2025-11-12_17-50-22.jpg 1134w\" sizes=\"auto, (max-width: 300px) 100vw, 300px\" \/> <img loading=\"lazy\" decoding=\"async\" class=\"alignnone size-medium wp-image-57827\" src=\"https:\/\/hablemosclarotdf.com.ar\/wp-content\/uploads\/2025\/11\/photo_2025-11-12_17-50-26-300x212.jpg\" alt=\"\" width=\"300\" height=\"212\" srcset=\"https:\/\/hablemosclarotdf.com.ar\/wp-content\/uploads\/2025\/11\/photo_2025-11-12_17-50-26-300x212.jpg 300w, https:\/\/hablemosclarotdf.com.ar\/wp-content\/uploads\/2025\/11\/photo_2025-11-12_17-50-26-768x543.jpg 768w, https:\/\/hablemosclarotdf.com.ar\/wp-content\/uploads\/2025\/11\/photo_2025-11-12_17-50-26.jpg 993w\" sizes=\"auto, (max-width: 300px) 100vw, 300px\" \/> <img loading=\"lazy\" decoding=\"async\" class=\"alignnone size-medium wp-image-57828\" src=\"https:\/\/hablemosclarotdf.com.ar\/wp-content\/uploads\/2025\/11\/photo_2025-11-12_17-50-34-300x210.jpg\" alt=\"\" width=\"300\" height=\"210\" srcset=\"https:\/\/hablemosclarotdf.com.ar\/wp-content\/uploads\/2025\/11\/photo_2025-11-12_17-50-34-300x210.jpg 300w, https:\/\/hablemosclarotdf.com.ar\/wp-content\/uploads\/2025\/11\/photo_2025-11-12_17-50-34-1024x717.jpg 1024w, https:\/\/hablemosclarotdf.com.ar\/wp-content\/uploads\/2025\/11\/photo_2025-11-12_17-50-34-768x538.jpg 768w, https:\/\/hablemosclarotdf.com.ar\/wp-content\/uploads\/2025\/11\/photo_2025-11-12_17-50-34.jpg 1190w\" sizes=\"auto, (max-width: 300px) 100vw, 300px\" \/><\/p>\n","protected":false},"excerpt":{"rendered":"<p>El Concejo Deliberante de Tolhuin llev\u00f3 adelante una Sesi\u00f3n Extraordinaria, en la que se abordaron&#8230;<\/p>\n","protected":false},"author":1,"featured_media":57825,"comment_status":"closed","ping_status":"closed","sticky":false,"template":"","format":"standard","meta":{"footnotes":""},"categories":[3],"tags":[],"class_list":["post-57824","post","type-post","status-publish","format-standard","has-post-thumbnail","hentry","category-noticias"],"jetpack_featured_media_url":"https:\/\/hablemosclarotdf.com.ar\/wp-content\/uploads\/2025\/11\/photo_2025-11-12_17-50-13.jpg","_links":{"self":[{"href":"https:\/\/hablemosclarotdf.com.ar\/index.php?rest_route=\/wp\/v2\/posts\/57824","targetHints":{"allow":["GET"]}}],"collection":[{"href":"https:\/\/hablemosclarotdf.com.ar\/index.php?rest_route=\/wp\/v2\/posts"}],"about":[{"href":"https:\/\/hablemosclarotdf.com.ar\/index.php?rest_route=\/wp\/v2\/types\/post"}],"author":[{"embeddable":true,"href":"https:\/\/hablemosclarotdf.com.ar\/index.php?rest_route=\/wp\/v2\/users\/1"}],"replies":[{"embeddable":true,"href":"https:\/\/hablemosclarotdf.com.ar\/index.php?rest_route=%2Fwp%2Fv2%2Fcomments&post=57824"}],"version-history":[{"count":1,"href":"https:\/\/hablemosclarotdf.com.ar\/index.php?rest_route=\/wp\/v2\/posts\/57824\/revisions"}],"predecessor-version":[{"id":57829,"href":"https:\/\/hablemosclarotdf.com.ar\/index.php?rest_route=\/wp\/v2\/posts\/57824\/revisions\/57829"}],"wp:featuredmedia":[{"embeddable":true,"href":"https:\/\/hablemosclarotdf.com.ar\/index.php?rest_route=\/wp\/v2\/media\/57825"}],"wp:attachment":[{"href":"https:\/\/hablemosclarotdf.com.ar\/index.php?rest_route=%2Fwp%2Fv2%2Fmedia&parent=57824"}],"wp:term":[{"taxonomy":"category","embeddable":true,"href":"https:\/\/hablemosclarotdf.com.ar\/index.php?rest_route=%2Fwp%2Fv2%2Fcategories&post=57824"},{"taxonomy":"post_tag","embeddable":true,"href":"https:\/\/hablemosclarotdf.com.ar\/index.php?rest_route=%2Fwp%2Fv2%2Ftags&post=57824"}],"curies":[{"name":"wp","href":"https:\/\/api.w.org\/{rel}","templated":true}]}}