{"id":57766,"date":"2025-11-12T17:31:04","date_gmt":"2025-11-12T20:31:04","guid":{"rendered":"https:\/\/hablemosclarotdf.com.ar\/?p=57766"},"modified":"2025-11-12T17:31:04","modified_gmt":"2025-11-12T20:31:04","slug":"ushuaia-el-espacio-pensar-malvinas-se-suma-a-la-noche-de-los-museos-con-proyecciones-y-visitas-guiadas","status":"publish","type":"post","link":"https:\/\/hablemosclarotdf.com.ar\/?p=57766","title":{"rendered":"USHUAIA : EL ESPACIO PENSAR MALVINAS SE SUMA A \u201cLA NOCHE DE LOS MUSEOS\u201d CON PROYECCIONES Y VISITAS GUIADAS"},"content":{"rendered":"<p>La Municipalidad de Ushuaia, a trav\u00e9s de la Secretar\u00eda de Asuntos de Malvinas, invita a los vecinos y vecinas de la ciudad a participar de una nueva edici\u00f3n de \u201cLa Noche de los Museos\u201d, que se llevar\u00e1 a cabo el s\u00e1bado 15 de noviembre de 19 a 23 horas en el Museo Hist\u00f3rico Espacio Pensar Malvinas.<\/p>\n<p>Durante la jornada, el p\u00fablico podr\u00e1 disfrutar de visitas guiadas y de la proyecci\u00f3n de tres cortometrajes con tem\u00e1tica vinculada a las Islas Malvinas, realizados por estudiantes de la Universidad Nacional de Tierra del Fuego. \u201cVolver en palabras\u201d de Rodrigo S\u00e1nchez, \u201cEn las buenas y en las malas\u201d de Gerardo Merlo Roa y \u201cVolver a Malvinas\u201d de Carlos Echeverr\u00eda Wusinowsky.<\/p>\n<p>El secretario de Asuntos de Malvinas, Dante Asili, destac\u00f3 la participaci\u00f3n de la universidad y expres\u00f3 su agradecimiento por el acompa\u00f1amiento. \u201cQuiero agradecer a la UNTDF por colaborar con esta propuesta a trav\u00e9s de estos cortos que estaremos proyectando durante la noche. Son trabajos de una alt\u00edsima calidad de producci\u00f3n y un orgullo para todos los fueguinos y fueguinas\u201d.<\/p>\n<p>Asimismo, Asili invit\u00f3 a toda la comunidad a acercarse al Espacio Pensar Malvinas y a recorrer los distintos museos municipales y espacios culturales que permanecer\u00e1n abiertos durante la jornada, en el marco de una noche dedicada a celebrar la historia, la memoria y la identidad de Ushuaia.<\/p>\n<p><img loading=\"lazy\" decoding=\"async\" class=\"alignnone size-medium wp-image-57768\" src=\"https:\/\/hablemosclarotdf.com.ar\/wp-content\/uploads\/2025\/11\/photo_2025-11-12_17-29-37-169x300.jpg\" alt=\"\" width=\"169\" height=\"300\" srcset=\"https:\/\/hablemosclarotdf.com.ar\/wp-content\/uploads\/2025\/11\/photo_2025-11-12_17-29-37-169x300.jpg 169w, https:\/\/hablemosclarotdf.com.ar\/wp-content\/uploads\/2025\/11\/photo_2025-11-12_17-29-37-576x1024.jpg 576w, https:\/\/hablemosclarotdf.com.ar\/wp-content\/uploads\/2025\/11\/photo_2025-11-12_17-29-37.jpg 720w\" sizes=\"auto, (max-width: 169px) 100vw, 169px\" \/> <img loading=\"lazy\" decoding=\"async\" class=\"alignnone size-medium wp-image-57769\" src=\"https:\/\/hablemosclarotdf.com.ar\/wp-content\/uploads\/2025\/11\/photo_2025-11-12_17-29-45-240x300.jpg\" alt=\"\" width=\"240\" height=\"300\" srcset=\"https:\/\/hablemosclarotdf.com.ar\/wp-content\/uploads\/2025\/11\/photo_2025-11-12_17-29-45-240x300.jpg 240w, https:\/\/hablemosclarotdf.com.ar\/wp-content\/uploads\/2025\/11\/photo_2025-11-12_17-29-45-819x1024.jpg 819w, https:\/\/hablemosclarotdf.com.ar\/wp-content\/uploads\/2025\/11\/photo_2025-11-12_17-29-45-768x960.jpg 768w, https:\/\/hablemosclarotdf.com.ar\/wp-content\/uploads\/2025\/11\/photo_2025-11-12_17-29-45.jpg 1024w\" sizes=\"auto, (max-width: 240px) 100vw, 240px\" \/> <img loading=\"lazy\" decoding=\"async\" class=\"alignnone size-medium wp-image-57770\" src=\"https:\/\/hablemosclarotdf.com.ar\/wp-content\/uploads\/2025\/11\/photo_2025-11-12_17-29-50-169x300.jpg\" alt=\"\" width=\"169\" height=\"300\" srcset=\"https:\/\/hablemosclarotdf.com.ar\/wp-content\/uploads\/2025\/11\/photo_2025-11-12_17-29-50-169x300.jpg 169w, https:\/\/hablemosclarotdf.com.ar\/wp-content\/uploads\/2025\/11\/photo_2025-11-12_17-29-50-576x1024.jpg 576w, https:\/\/hablemosclarotdf.com.ar\/wp-content\/uploads\/2025\/11\/photo_2025-11-12_17-29-50.jpg 720w\" sizes=\"auto, (max-width: 169px) 100vw, 169px\" \/><\/p>\n","protected":false},"excerpt":{"rendered":"<p>La Municipalidad de Ushuaia, a trav\u00e9s de la Secretar\u00eda de Asuntos de Malvinas, invita a&#8230;<\/p>\n","protected":false},"author":1,"featured_media":57767,"comment_status":"closed","ping_status":"closed","sticky":false,"template":"","format":"standard","meta":{"footnotes":""},"categories":[3],"tags":[],"class_list":["post-57766","post","type-post","status-publish","format-standard","has-post-thumbnail","hentry","category-noticias"],"jetpack_featured_media_url":"https:\/\/hablemosclarotdf.com.ar\/wp-content\/uploads\/2025\/11\/photo_2025-11-12_17-29-32.jpg","_links":{"self":[{"href":"https:\/\/hablemosclarotdf.com.ar\/index.php?rest_route=\/wp\/v2\/posts\/57766","targetHints":{"allow":["GET"]}}],"collection":[{"href":"https:\/\/hablemosclarotdf.com.ar\/index.php?rest_route=\/wp\/v2\/posts"}],"about":[{"href":"https:\/\/hablemosclarotdf.com.ar\/index.php?rest_route=\/wp\/v2\/types\/post"}],"author":[{"embeddable":true,"href":"https:\/\/hablemosclarotdf.com.ar\/index.php?rest_route=\/wp\/v2\/users\/1"}],"replies":[{"embeddable":true,"href":"https:\/\/hablemosclarotdf.com.ar\/index.php?rest_route=%2Fwp%2Fv2%2Fcomments&post=57766"}],"version-history":[{"count":2,"href":"https:\/\/hablemosclarotdf.com.ar\/index.php?rest_route=\/wp\/v2\/posts\/57766\/revisions"}],"predecessor-version":[{"id":57772,"href":"https:\/\/hablemosclarotdf.com.ar\/index.php?rest_route=\/wp\/v2\/posts\/57766\/revisions\/57772"}],"wp:featuredmedia":[{"embeddable":true,"href":"https:\/\/hablemosclarotdf.com.ar\/index.php?rest_route=\/wp\/v2\/media\/57767"}],"wp:attachment":[{"href":"https:\/\/hablemosclarotdf.com.ar\/index.php?rest_route=%2Fwp%2Fv2%2Fmedia&parent=57766"}],"wp:term":[{"taxonomy":"category","embeddable":true,"href":"https:\/\/hablemosclarotdf.com.ar\/index.php?rest_route=%2Fwp%2Fv2%2Fcategories&post=57766"},{"taxonomy":"post_tag","embeddable":true,"href":"https:\/\/hablemosclarotdf.com.ar\/index.php?rest_route=%2Fwp%2Fv2%2Ftags&post=57766"}],"curies":[{"name":"wp","href":"https:\/\/api.w.org\/{rel}","templated":true}]}}