{"id":57758,"date":"2025-11-12T13:58:00","date_gmt":"2025-11-12T16:58:00","guid":{"rendered":"https:\/\/hablemosclarotdf.com.ar\/?p=57758"},"modified":"2025-11-12T13:58:00","modified_gmt":"2025-11-12T16:58:00","slug":"las-juventudes-fueguinas-se-suman-a-la-edicion-navidena-con-nuevos-seminarios-en-toda-la-provincia","status":"publish","type":"post","link":"https:\/\/hablemosclarotdf.com.ar\/?p=57758","title":{"rendered":"LAS JUVENTUDES FUEGUINAS SE SUMAN A LA EDICI\u00d3N NAVIDE\u00d1A CON NUEVOS SEMINARIOS EN TODA LA PROVINCIA"},"content":{"rendered":"<p>El Gobierno de la Provincia lanza la Edici\u00f3n Navide\u00f1a de JuventudES, una propuesta pensada para cerrar el a\u00f1o con creatividad, encuentro y aprendizaje en comunidad.<\/p>\n<p>Durante noviembre y diciembre, j\u00f3venes de Ushuaia, Tolhuin y R\u00edo Grande podr\u00e1n participar de seminarios gratuitos que combinan la pr\u00e1ctica, la producci\u00f3n artesanal y el esp\u00edritu festivo de las fiestas.<\/p>\n<p>La propuesta incluye talleres y espacios de formaci\u00f3n abiertos a j\u00f3venes de 13 a 35 a\u00f1os, con tem\u00e1ticas orientadas a potenciar la creatividad, fortalecer emprendimientos y compartir saberes en torno a la producci\u00f3n artesanal y el trabajo colectivo.<\/p>\n<p>Entre los seminarios que se desarrollar\u00e1n en las tres ciudades se destacan:<\/p>\n<p>&#8211; Encuadernaci\u00f3n Artesanal: Hecho a mano.<br \/>\n&#8211; Cosm\u00e9tica Natural Navide\u00f1a<br \/>\n&#8211; Alimentaci\u00f3n Saludable Navide\u00f1a<br \/>\n&#8211; Potenci\u00e1 tu Emprendimiento con contenido que destaquen tus productos.<br \/>\n&#8211; Decoraci\u00f3n y Cuadros Navide\u00f1os<\/p>\n<p>Estas propuestas buscan acompa\u00f1ar a las juventudes fueguinas en el cierre de a\u00f1o, fomentando espacios de formaci\u00f3n, creatividad y trabajo colaborativo que fortalecen la autonom\u00eda personal y el desarrollo local.<\/p>\n<p>Al respecto, la secretaria de Pol\u00edticas para las Juventudes, Lic. Ivana Olariaga, destac\u00f3: \u201cCon esta edici\u00f3n navide\u00f1a queremos invitar a las y los j\u00f3venes fueguinos a encontrarse, crear y compartir. Son espacios donde se aprende haciendo, pero sobre todo donde se construye comunidad desde la creatividad y la solidaridad.\u201d<\/p>\n<p>Inscripciones abiertas: https:\/\/forms.gle\/Gd48htEzPLGeybjWA<\/p>\n<p><img loading=\"lazy\" decoding=\"async\" class=\"alignnone size-medium wp-image-57760\" src=\"https:\/\/hablemosclarotdf.com.ar\/wp-content\/uploads\/2025\/11\/photo_2025-11-12_13-56-08-300x200.jpg\" alt=\"\" width=\"300\" height=\"200\" srcset=\"https:\/\/hablemosclarotdf.com.ar\/wp-content\/uploads\/2025\/11\/photo_2025-11-12_13-56-08-300x200.jpg 300w, https:\/\/hablemosclarotdf.com.ar\/wp-content\/uploads\/2025\/11\/photo_2025-11-12_13-56-08-1024x683.jpg 1024w, https:\/\/hablemosclarotdf.com.ar\/wp-content\/uploads\/2025\/11\/photo_2025-11-12_13-56-08-768x512.jpg 768w, https:\/\/hablemosclarotdf.com.ar\/wp-content\/uploads\/2025\/11\/photo_2025-11-12_13-56-08.jpg 1040w\" sizes=\"auto, (max-width: 300px) 100vw, 300px\" \/> <img loading=\"lazy\" decoding=\"async\" class=\"alignnone size-medium wp-image-57761\" src=\"https:\/\/hablemosclarotdf.com.ar\/wp-content\/uploads\/2025\/11\/photo_2025-11-12_13-56-13-300x200.jpg\" alt=\"\" width=\"300\" height=\"200\" srcset=\"https:\/\/hablemosclarotdf.com.ar\/wp-content\/uploads\/2025\/11\/photo_2025-11-12_13-56-13-300x200.jpg 300w, https:\/\/hablemosclarotdf.com.ar\/wp-content\/uploads\/2025\/11\/photo_2025-11-12_13-56-13-1024x683.jpg 1024w, https:\/\/hablemosclarotdf.com.ar\/wp-content\/uploads\/2025\/11\/photo_2025-11-12_13-56-13-768x512.jpg 768w, https:\/\/hablemosclarotdf.com.ar\/wp-content\/uploads\/2025\/11\/photo_2025-11-12_13-56-13.jpg 1251w\" sizes=\"auto, (max-width: 300px) 100vw, 300px\" \/><\/p>\n","protected":false},"excerpt":{"rendered":"<p>El Gobierno de la Provincia lanza la Edici\u00f3n Navide\u00f1a de JuventudES, una propuesta pensada para&#8230;<\/p>\n","protected":false},"author":1,"featured_media":57759,"comment_status":"closed","ping_status":"closed","sticky":false,"template":"","format":"standard","meta":{"footnotes":""},"categories":[3],"tags":[],"class_list":["post-57758","post","type-post","status-publish","format-standard","has-post-thumbnail","hentry","category-noticias"],"jetpack_featured_media_url":"https:\/\/hablemosclarotdf.com.ar\/wp-content\/uploads\/2025\/11\/photo_2025-11-12_13-55-59.jpg","_links":{"self":[{"href":"https:\/\/hablemosclarotdf.com.ar\/index.php?rest_route=\/wp\/v2\/posts\/57758","targetHints":{"allow":["GET"]}}],"collection":[{"href":"https:\/\/hablemosclarotdf.com.ar\/index.php?rest_route=\/wp\/v2\/posts"}],"about":[{"href":"https:\/\/hablemosclarotdf.com.ar\/index.php?rest_route=\/wp\/v2\/types\/post"}],"author":[{"embeddable":true,"href":"https:\/\/hablemosclarotdf.com.ar\/index.php?rest_route=\/wp\/v2\/users\/1"}],"replies":[{"embeddable":true,"href":"https:\/\/hablemosclarotdf.com.ar\/index.php?rest_route=%2Fwp%2Fv2%2Fcomments&post=57758"}],"version-history":[{"count":1,"href":"https:\/\/hablemosclarotdf.com.ar\/index.php?rest_route=\/wp\/v2\/posts\/57758\/revisions"}],"predecessor-version":[{"id":57762,"href":"https:\/\/hablemosclarotdf.com.ar\/index.php?rest_route=\/wp\/v2\/posts\/57758\/revisions\/57762"}],"wp:featuredmedia":[{"embeddable":true,"href":"https:\/\/hablemosclarotdf.com.ar\/index.php?rest_route=\/wp\/v2\/media\/57759"}],"wp:attachment":[{"href":"https:\/\/hablemosclarotdf.com.ar\/index.php?rest_route=%2Fwp%2Fv2%2Fmedia&parent=57758"}],"wp:term":[{"taxonomy":"category","embeddable":true,"href":"https:\/\/hablemosclarotdf.com.ar\/index.php?rest_route=%2Fwp%2Fv2%2Fcategories&post=57758"},{"taxonomy":"post_tag","embeddable":true,"href":"https:\/\/hablemosclarotdf.com.ar\/index.php?rest_route=%2Fwp%2Fv2%2Ftags&post=57758"}],"curies":[{"name":"wp","href":"https:\/\/api.w.org\/{rel}","templated":true}]}}