{"id":57755,"date":"2025-11-12T13:51:36","date_gmt":"2025-11-12T16:51:36","guid":{"rendered":"https:\/\/hablemosclarotdf.com.ar\/?p=57755"},"modified":"2025-11-12T13:51:36","modified_gmt":"2025-11-12T16:51:36","slug":"rio-grande-el-municipio-amplia-la-campana-de-prevencion-de-cancer-de-prostata-2025-se-suman-50-nuevos-cupos","status":"publish","type":"post","link":"https:\/\/hablemosclarotdf.com.ar\/?p=57755","title":{"rendered":"RIO GRANDE : EL MUNICIPIO AMPL\u00cdA LA CAMPA\u00d1A DE PREVENCI\u00d3N DE C\u00c1NCER DE PR\u00d3STATA 2025: SE SUMAN 50 NUEVOS CUPOS"},"content":{"rendered":"<p>\u201cCuidarse tambi\u00e9n es cosa de hombres\u201d es el lema de esta iniciativa que impulsa el Municipio de R\u00edo Grande, destinada a hombres y diversidades desde los 45 a\u00f1os, con o sin obra social. Ante la gran demanda y los resultados obtenidos, se incorporan 50 nuevos cupos para que m\u00e1s vecinos puedan acceder a controles gratuitos de detecci\u00f3n temprana del c\u00e1ncer de pr\u00f3stata.<\/p>\n<p>La campa\u00f1a, la cual forma parte de las acciones de promoci\u00f3n y prevenci\u00f3n impulsadas por la Secretar\u00eda de Salud, se realiza por segundo a\u00f1o consecutivo tras el \u00e9xito de su edici\u00f3n 2024, donde se logr\u00f3 detectar a tiempo casos en etapas iniciales, permitiendo tratamientos curativos y seguimiento activo.<\/p>\n<p>Las consultas y estudios se llevar\u00e1n a cabo en los Centros Municipales de Salud y en el Centro de Especialidades M\u00e9dicas, con la participaci\u00f3n de 4 ur\u00f3logos del sistema municipal, garantizando una atenci\u00f3n integral y de calidad.<\/p>\n<p>La atenci\u00f3n es totalmente gratuita y coordinada por el equipo de salud del Municipio. Aquellos interesados en acceder a esta Campa\u00f1a deber\u00e1n completar el siguiente formulario: https:\/\/bit.ly\/4olfw8G.<\/p>\n<p>El Municipio fortalece su pol\u00edtica de salud preventiva, ampliando la cobertura y acercando m\u00e1s oportunidades de cuidado a cada rinc\u00f3n de la ciudad.<\/p>\n","protected":false},"excerpt":{"rendered":"<p>\u201cCuidarse tambi\u00e9n es cosa de hombres\u201d es el lema de esta iniciativa que impulsa el&#8230;<\/p>\n","protected":false},"author":1,"featured_media":57756,"comment_status":"closed","ping_status":"closed","sticky":false,"template":"","format":"standard","meta":{"footnotes":""},"categories":[3],"tags":[],"class_list":["post-57755","post","type-post","status-publish","format-standard","has-post-thumbnail","hentry","category-noticias"],"jetpack_featured_media_url":"https:\/\/hablemosclarotdf.com.ar\/wp-content\/uploads\/2025\/11\/photo_2025-11-12_13-50-50.jpg","_links":{"self":[{"href":"https:\/\/hablemosclarotdf.com.ar\/index.php?rest_route=\/wp\/v2\/posts\/57755","targetHints":{"allow":["GET"]}}],"collection":[{"href":"https:\/\/hablemosclarotdf.com.ar\/index.php?rest_route=\/wp\/v2\/posts"}],"about":[{"href":"https:\/\/hablemosclarotdf.com.ar\/index.php?rest_route=\/wp\/v2\/types\/post"}],"author":[{"embeddable":true,"href":"https:\/\/hablemosclarotdf.com.ar\/index.php?rest_route=\/wp\/v2\/users\/1"}],"replies":[{"embeddable":true,"href":"https:\/\/hablemosclarotdf.com.ar\/index.php?rest_route=%2Fwp%2Fv2%2Fcomments&post=57755"}],"version-history":[{"count":1,"href":"https:\/\/hablemosclarotdf.com.ar\/index.php?rest_route=\/wp\/v2\/posts\/57755\/revisions"}],"predecessor-version":[{"id":57757,"href":"https:\/\/hablemosclarotdf.com.ar\/index.php?rest_route=\/wp\/v2\/posts\/57755\/revisions\/57757"}],"wp:featuredmedia":[{"embeddable":true,"href":"https:\/\/hablemosclarotdf.com.ar\/index.php?rest_route=\/wp\/v2\/media\/57756"}],"wp:attachment":[{"href":"https:\/\/hablemosclarotdf.com.ar\/index.php?rest_route=%2Fwp%2Fv2%2Fmedia&parent=57755"}],"wp:term":[{"taxonomy":"category","embeddable":true,"href":"https:\/\/hablemosclarotdf.com.ar\/index.php?rest_route=%2Fwp%2Fv2%2Fcategories&post=57755"},{"taxonomy":"post_tag","embeddable":true,"href":"https:\/\/hablemosclarotdf.com.ar\/index.php?rest_route=%2Fwp%2Fv2%2Ftags&post=57755"}],"curies":[{"name":"wp","href":"https:\/\/api.w.org\/{rel}","templated":true}]}}