{"id":57747,"date":"2025-11-12T13:45:18","date_gmt":"2025-11-12T16:45:18","guid":{"rendered":"https:\/\/hablemosclarotdf.com.ar\/?p=57747"},"modified":"2025-11-12T13:45:18","modified_gmt":"2025-11-12T16:45:18","slug":"ushuaia-obra-de-la-pasarela-fique-no-podiamos-seguir-esperando-al-gobierno-nacional","status":"publish","type":"post","link":"https:\/\/hablemosclarotdf.com.ar\/?p=57747","title":{"rendered":"USHUAIA : OBRA DE LA PASARELA FIQUE: \u201cNO POD\u00cdAMOS SEGUIR ESPERANDO AL GOBIERNO NACIONAL"},"content":{"rendered":"<p>El Municipio de Ushuaia se hizo cargo de los trabajos<\/p>\n<p>La \u201cfalta de respuestas\u201d del Gobierno nacional sobre la continuidad de la obra de la pasarela Pedro Fique, financiada por el Banco de Desarrollo de Am\u00e9rica Latina y el Caribe (CAF) a trav\u00e9s del Ministerio de Obras P\u00fablicas de la Naci\u00f3n, hizo que la Municipalidad de Ushuaia decidiera hacerse cargo de la culminaci\u00f3n de los trabajos con fondos, personal y maquinaria propios.<br \/>\nAs\u00ed lo confirm\u00f3 la secretaria de Planificaci\u00f3n e Inversi\u00f3n P\u00fablica del Municipio, Bel\u00e9n Borgna, quien dijo que \u201cno pod\u00edamos seguir esperando al Gobierno nacional\u201d para terminar la obra.<br \/>\nEn di\u00e1logo con FM Espect\u00e1culo la funcionaria explic\u00f3 que \u201cse realiz\u00f3 una rescisi\u00f3n del v\u00ednculo para poder ingresar a trabajar con fondos propios\u201d, teniendo en cuenta que \u201cdesde hace dos a\u00f1os se cort\u00f3 la cadena de pagos, no se pagaron las deudas que hab\u00eda y no tuvimos una respuesta oficial en ning\u00fan momento sobre la continuidad o no del programa\u201d financiado por CAF.<br \/>\nEn esa l\u00ednea, remarc\u00f3 que durante dos a\u00f1os \u201cfuimos avanzando con la documentaci\u00f3n que nos iban solicitando\u201d desde Naci\u00f3n, e incluso \u201cmandamos propuestas alternativas, pero no tuvimos ninguna propuesta formal\u201d.<br \/>\nCabe recordar que el proyecto, adem\u00e1s de la pasarela, inclu\u00eda intervenciones en el centro comercial a cielo abierto de calle San Mart\u00edn y el desarrollo de un centro comercial a cielo abierto en la zona de Kuanip, lo cual no tendr\u00e1 continuidad.<br \/>\nBorgna sostuvo que los trabajos previstos en la pasarela consisten en \u201cla culminaci\u00f3n de la colocaci\u00f3n del pavimento articulado central, la terminaci\u00f3n de las veredas, el desarrollo de la bicisenda, y la colocaci\u00f3n del alumbrado p\u00fablico y del mobiliario urbano\u201d.<br \/>\nEn cuanto a los tiempos apunt\u00f3 que \u201cno fijamos una fecha de finalizaci\u00f3n porque pueden aparecer imprevistos, pero la idea es tener la pasarela finalizada en el verano\u201d.<br \/>\nPor \u00faltimo, la responsable de Planificaci\u00f3n e Inversi\u00f3n P\u00fablica enfatiz\u00f3 que \u201ctodos los trabajos se van a realizar con fondos propios y mano de obra municipal, estamos haciendo un esfuerzo enorme para poner en valor ese sector y terminar esta obra que lamentablemente no se pudo terminar por decisiones unilaterales del Gobierno nacional\u201d.<\/p>\n<p><img loading=\"lazy\" decoding=\"async\" class=\"alignnone size-medium wp-image-57749\" src=\"https:\/\/hablemosclarotdf.com.ar\/wp-content\/uploads\/2025\/11\/photo_2025-11-12_13-44-08-300x200.jpg\" alt=\"\" width=\"300\" height=\"200\" srcset=\"https:\/\/hablemosclarotdf.com.ar\/wp-content\/uploads\/2025\/11\/photo_2025-11-12_13-44-08-300x200.jpg 300w, https:\/\/hablemosclarotdf.com.ar\/wp-content\/uploads\/2025\/11\/photo_2025-11-12_13-44-08-1024x683.jpg 1024w, https:\/\/hablemosclarotdf.com.ar\/wp-content\/uploads\/2025\/11\/photo_2025-11-12_13-44-08-768x512.jpg 768w, https:\/\/hablemosclarotdf.com.ar\/wp-content\/uploads\/2025\/11\/photo_2025-11-12_13-44-08.jpg 1280w\" sizes=\"auto, (max-width: 300px) 100vw, 300px\" \/> <img loading=\"lazy\" decoding=\"async\" class=\"alignnone size-medium wp-image-57750\" src=\"https:\/\/hablemosclarotdf.com.ar\/wp-content\/uploads\/2025\/11\/photo_2025-11-12_13-43-46-300x200.jpg\" alt=\"\" width=\"300\" height=\"200\" srcset=\"https:\/\/hablemosclarotdf.com.ar\/wp-content\/uploads\/2025\/11\/photo_2025-11-12_13-43-46-300x200.jpg 300w, https:\/\/hablemosclarotdf.com.ar\/wp-content\/uploads\/2025\/11\/photo_2025-11-12_13-43-46-1024x683.jpg 1024w, https:\/\/hablemosclarotdf.com.ar\/wp-content\/uploads\/2025\/11\/photo_2025-11-12_13-43-46-768x512.jpg 768w, https:\/\/hablemosclarotdf.com.ar\/wp-content\/uploads\/2025\/11\/photo_2025-11-12_13-43-46.jpg 1280w\" sizes=\"auto, (max-width: 300px) 100vw, 300px\" \/><\/p>\n","protected":false},"excerpt":{"rendered":"<p>El Municipio de Ushuaia se hizo cargo de los trabajos La \u201cfalta de respuestas\u201d del&#8230;<\/p>\n","protected":false},"author":1,"featured_media":57748,"comment_status":"closed","ping_status":"closed","sticky":false,"template":"","format":"standard","meta":{"footnotes":""},"categories":[3],"tags":[],"class_list":["post-57747","post","type-post","status-publish","format-standard","has-post-thumbnail","hentry","category-noticias"],"jetpack_featured_media_url":"https:\/\/hablemosclarotdf.com.ar\/wp-content\/uploads\/2025\/11\/photo_2025-11-12_13-44-04.jpg","_links":{"self":[{"href":"https:\/\/hablemosclarotdf.com.ar\/index.php?rest_route=\/wp\/v2\/posts\/57747","targetHints":{"allow":["GET"]}}],"collection":[{"href":"https:\/\/hablemosclarotdf.com.ar\/index.php?rest_route=\/wp\/v2\/posts"}],"about":[{"href":"https:\/\/hablemosclarotdf.com.ar\/index.php?rest_route=\/wp\/v2\/types\/post"}],"author":[{"embeddable":true,"href":"https:\/\/hablemosclarotdf.com.ar\/index.php?rest_route=\/wp\/v2\/users\/1"}],"replies":[{"embeddable":true,"href":"https:\/\/hablemosclarotdf.com.ar\/index.php?rest_route=%2Fwp%2Fv2%2Fcomments&post=57747"}],"version-history":[{"count":1,"href":"https:\/\/hablemosclarotdf.com.ar\/index.php?rest_route=\/wp\/v2\/posts\/57747\/revisions"}],"predecessor-version":[{"id":57751,"href":"https:\/\/hablemosclarotdf.com.ar\/index.php?rest_route=\/wp\/v2\/posts\/57747\/revisions\/57751"}],"wp:featuredmedia":[{"embeddable":true,"href":"https:\/\/hablemosclarotdf.com.ar\/index.php?rest_route=\/wp\/v2\/media\/57748"}],"wp:attachment":[{"href":"https:\/\/hablemosclarotdf.com.ar\/index.php?rest_route=%2Fwp%2Fv2%2Fmedia&parent=57747"}],"wp:term":[{"taxonomy":"category","embeddable":true,"href":"https:\/\/hablemosclarotdf.com.ar\/index.php?rest_route=%2Fwp%2Fv2%2Fcategories&post=57747"},{"taxonomy":"post_tag","embeddable":true,"href":"https:\/\/hablemosclarotdf.com.ar\/index.php?rest_route=%2Fwp%2Fv2%2Ftags&post=57747"}],"curies":[{"name":"wp","href":"https:\/\/api.w.org\/{rel}","templated":true}]}}