{"id":57740,"date":"2025-11-12T13:41:40","date_gmt":"2025-11-12T16:41:40","guid":{"rendered":"https:\/\/hablemosclarotdf.com.ar\/?p=57740"},"modified":"2025-11-12T13:41:40","modified_gmt":"2025-11-12T16:41:40","slug":"ushuaia-se-habilito-el-transito-en-la-calle-yaganes-tras-los-trabajos-de-desobstruccion-y-reparacion","status":"publish","type":"post","link":"https:\/\/hablemosclarotdf.com.ar\/?p=57740","title":{"rendered":"USHUAIA : SE HABILIT\u00d3 EL TR\u00c1NSITO EN LA CALLE YAGANES TRAS LOS TRABAJOS DE DESOBSTRUCCI\u00d3N Y REPARACI\u00d3N"},"content":{"rendered":"<p>La Municipalidad de Ushuaia, a trav\u00e9s de la Secretar\u00eda de Planificaci\u00f3n e Inversi\u00f3n P\u00fablica, informa que qued\u00f3 habilitado el tr\u00e1nsito vehicular en la calle Yaganes, luego de los trabajos de saneamiento, desobstrucci\u00f3n y recuperaci\u00f3n de la calzada que se llevaron adelante durante los \u00faltimos d\u00edas.<\/p>\n<p>La secretaria de Planificaci\u00f3n e Inversi\u00f3n P\u00fablica, Bel\u00e9n Borgna, explic\u00f3 que \u201cdurante la jornada del mi\u00e9rcoles se trabaj\u00f3 principalmente en tareas de desobstrucci\u00f3n sobre la c\u00e1mara y el alcantarillado que pasa por debajo de la calle, que sirve de drenaje para el chorrillo del Este\u201d.<\/p>\n<p>Agreg\u00f3 que \u201cse realizaron tareas de reconstrucci\u00f3n del nivel de tapa de c\u00e1mara en todo el sector, a trav\u00e9s del \u00e1rea de Control Operativo. Adem\u00e1s, en las primeras horas del d\u00eda se avanz\u00f3, con personal de la Secretar\u00eda de Ambiente, en la remoci\u00f3n de barro y limpieza del sector, y junto a Bacheo y Servicios P\u00fablicos, en la recuperaci\u00f3n del nivel de calzada con un paliativo de asfalto fr\u00edo para lograr la impermeabilizaci\u00f3n\u201d.<\/p>\n<p>Borgna indic\u00f3 que la Direcci\u00f3n de Tr\u00e1nsito efectu\u00f3 la liberaci\u00f3n del tr\u00e1nsito una vez finalizados los trabajos, y adelant\u00f3 que \u201cen los pr\u00f3ximos d\u00edas se continuar\u00e1 con la reconstrucci\u00f3n de las veredas y las zonas afectadas, mientras se planifica la reparaci\u00f3n definitiva con asfalto en caliente\u201d.<\/p>\n<p><img loading=\"lazy\" decoding=\"async\" class=\"alignnone size-medium wp-image-57742\" src=\"https:\/\/hablemosclarotdf.com.ar\/wp-content\/uploads\/2025\/11\/photo_2025-11-12_13-40-07-300x200.jpg\" alt=\"\" width=\"300\" height=\"200\" srcset=\"https:\/\/hablemosclarotdf.com.ar\/wp-content\/uploads\/2025\/11\/photo_2025-11-12_13-40-07-300x200.jpg 300w, https:\/\/hablemosclarotdf.com.ar\/wp-content\/uploads\/2025\/11\/photo_2025-11-12_13-40-07-1024x682.jpg 1024w, https:\/\/hablemosclarotdf.com.ar\/wp-content\/uploads\/2025\/11\/photo_2025-11-12_13-40-07-768x512.jpg 768w, https:\/\/hablemosclarotdf.com.ar\/wp-content\/uploads\/2025\/11\/photo_2025-11-12_13-40-07.jpg 1280w\" sizes=\"auto, (max-width: 300px) 100vw, 300px\" \/> <img loading=\"lazy\" decoding=\"async\" class=\"alignnone size-medium wp-image-57743\" src=\"https:\/\/hablemosclarotdf.com.ar\/wp-content\/uploads\/2025\/11\/photo_2025-11-12_13-40-11-300x200.jpg\" alt=\"\" width=\"300\" height=\"200\" srcset=\"https:\/\/hablemosclarotdf.com.ar\/wp-content\/uploads\/2025\/11\/photo_2025-11-12_13-40-11-300x200.jpg 300w, https:\/\/hablemosclarotdf.com.ar\/wp-content\/uploads\/2025\/11\/photo_2025-11-12_13-40-11-1024x682.jpg 1024w, https:\/\/hablemosclarotdf.com.ar\/wp-content\/uploads\/2025\/11\/photo_2025-11-12_13-40-11-768x512.jpg 768w, https:\/\/hablemosclarotdf.com.ar\/wp-content\/uploads\/2025\/11\/photo_2025-11-12_13-40-11.jpg 1280w\" sizes=\"auto, (max-width: 300px) 100vw, 300px\" \/> <img loading=\"lazy\" decoding=\"async\" class=\"alignnone size-medium wp-image-57744\" src=\"https:\/\/hablemosclarotdf.com.ar\/wp-content\/uploads\/2025\/11\/photo_2025-11-12_13-40-20-300x200.jpg\" alt=\"\" width=\"300\" height=\"200\" srcset=\"https:\/\/hablemosclarotdf.com.ar\/wp-content\/uploads\/2025\/11\/photo_2025-11-12_13-40-20-300x200.jpg 300w, https:\/\/hablemosclarotdf.com.ar\/wp-content\/uploads\/2025\/11\/photo_2025-11-12_13-40-20-1024x682.jpg 1024w, https:\/\/hablemosclarotdf.com.ar\/wp-content\/uploads\/2025\/11\/photo_2025-11-12_13-40-20-768x512.jpg 768w, https:\/\/hablemosclarotdf.com.ar\/wp-content\/uploads\/2025\/11\/photo_2025-11-12_13-40-20.jpg 1280w\" sizes=\"auto, (max-width: 300px) 100vw, 300px\" \/> <img loading=\"lazy\" decoding=\"async\" class=\"alignnone size-medium wp-image-57745\" src=\"https:\/\/hablemosclarotdf.com.ar\/wp-content\/uploads\/2025\/11\/photo_2025-11-12_13-40-23-300x200.jpg\" alt=\"\" width=\"300\" height=\"200\" srcset=\"https:\/\/hablemosclarotdf.com.ar\/wp-content\/uploads\/2025\/11\/photo_2025-11-12_13-40-23-300x200.jpg 300w, https:\/\/hablemosclarotdf.com.ar\/wp-content\/uploads\/2025\/11\/photo_2025-11-12_13-40-23-1024x682.jpg 1024w, https:\/\/hablemosclarotdf.com.ar\/wp-content\/uploads\/2025\/11\/photo_2025-11-12_13-40-23-768x511.jpg 768w, https:\/\/hablemosclarotdf.com.ar\/wp-content\/uploads\/2025\/11\/photo_2025-11-12_13-40-23.jpg 1280w\" sizes=\"auto, (max-width: 300px) 100vw, 300px\" \/><\/p>\n","protected":false},"excerpt":{"rendered":"<p>La Municipalidad de Ushuaia, a trav\u00e9s de la Secretar\u00eda de Planificaci\u00f3n e Inversi\u00f3n P\u00fablica, informa&#8230;<\/p>\n","protected":false},"author":1,"featured_media":57741,"comment_status":"closed","ping_status":"closed","sticky":false,"template":"","format":"standard","meta":{"footnotes":""},"categories":[3],"tags":[],"class_list":["post-57740","post","type-post","status-publish","format-standard","has-post-thumbnail","hentry","category-noticias"],"jetpack_featured_media_url":"https:\/\/hablemosclarotdf.com.ar\/wp-content\/uploads\/2025\/11\/photo_2025-11-12_13-40-03.jpg","_links":{"self":[{"href":"https:\/\/hablemosclarotdf.com.ar\/index.php?rest_route=\/wp\/v2\/posts\/57740","targetHints":{"allow":["GET"]}}],"collection":[{"href":"https:\/\/hablemosclarotdf.com.ar\/index.php?rest_route=\/wp\/v2\/posts"}],"about":[{"href":"https:\/\/hablemosclarotdf.com.ar\/index.php?rest_route=\/wp\/v2\/types\/post"}],"author":[{"embeddable":true,"href":"https:\/\/hablemosclarotdf.com.ar\/index.php?rest_route=\/wp\/v2\/users\/1"}],"replies":[{"embeddable":true,"href":"https:\/\/hablemosclarotdf.com.ar\/index.php?rest_route=%2Fwp%2Fv2%2Fcomments&post=57740"}],"version-history":[{"count":1,"href":"https:\/\/hablemosclarotdf.com.ar\/index.php?rest_route=\/wp\/v2\/posts\/57740\/revisions"}],"predecessor-version":[{"id":57746,"href":"https:\/\/hablemosclarotdf.com.ar\/index.php?rest_route=\/wp\/v2\/posts\/57740\/revisions\/57746"}],"wp:featuredmedia":[{"embeddable":true,"href":"https:\/\/hablemosclarotdf.com.ar\/index.php?rest_route=\/wp\/v2\/media\/57741"}],"wp:attachment":[{"href":"https:\/\/hablemosclarotdf.com.ar\/index.php?rest_route=%2Fwp%2Fv2%2Fmedia&parent=57740"}],"wp:term":[{"taxonomy":"category","embeddable":true,"href":"https:\/\/hablemosclarotdf.com.ar\/index.php?rest_route=%2Fwp%2Fv2%2Fcategories&post=57740"},{"taxonomy":"post_tag","embeddable":true,"href":"https:\/\/hablemosclarotdf.com.ar\/index.php?rest_route=%2Fwp%2Fv2%2Ftags&post=57740"}],"curies":[{"name":"wp","href":"https:\/\/api.w.org\/{rel}","templated":true}]}}