{"id":57737,"date":"2025-11-12T13:38:21","date_gmt":"2025-11-12T16:38:21","guid":{"rendered":"https:\/\/hablemosclarotdf.com.ar\/?p=57737"},"modified":"2025-11-12T13:38:21","modified_gmt":"2025-11-12T16:38:21","slug":"ushuaia-la-municipalidad-acompanara-la-fiesta-de-las-provincianias-este-sabado-15-en-el-centro-cultural-esther-fadu","status":"publish","type":"post","link":"https:\/\/hablemosclarotdf.com.ar\/?p=57737","title":{"rendered":"USHUAIA : LA MUNICIPALIDAD  ACOMPA\u00d1AR\u00c1 LA \u201cFIESTA DE LAS PROVINCIAN\u00cdAS\u201d ESTE S\u00c1BADO 15 EN EL CENTRO CULTURAL ESTHER FADU"},"content":{"rendered":"<p>Habr\u00e1 espect\u00e1culos de danza, m\u00fasica y pulper\u00edas con comidas t\u00edpicas<\/p>\n<p>La Secretar\u00eda de Cultura y Educaci\u00f3n de la Municipalidad de Ushuaia acompa\u00f1ar\u00e1 este s\u00e1bado 15 de noviembre a las 18:00 horas en el Centro Cultural Esther Fadul la \u201cFiesta de las Provincian\u00edas\u201d presentando espect\u00e1culos de danza y m\u00fasica en vivo, as\u00ed como pulper\u00edas con comidas t\u00edpicas.<br \/>\nDicha iniciativa, que es impulsada por el Centro Tradicionalista \u201cVirginia Choquintel\u201d, contar\u00e1 con un bono contribuci\u00f3n de $4.000, contando con las presentaciones de Folklore en Zapatillas, Cruz del Sur, Danzares de mi Tierra, Miguel Galv\u00e1n, Elizabet Ruiz D\u00edaz y Abel Vilte \u2013 Ramona Lezcano y Aldo Orrego, Tr\u00edo Norte\u00f1o, La Telesita, Nerina Almir\u00f3n, Eneas Sabo C\u00f3rdoba, Camila Fabri y Diego Gauna, Canto Alegre, D\u00fao Kebrachal y el cierre a cargo de Ernesto Mamani y Tony Cardozo.<br \/>\nBel\u00e9n Molina, secretaria de Cultura y Educaci\u00f3n, detall\u00f3 que \u201cestamos muy contentos de llevar adelante junto al Centro Tradicionalista Virginia Choquintel de Ushuaia y como cada a\u00f1o, este tradicional festejo popular, que visibiliza el gran talento fueguino de nuestras y nuestros artistas, expresando nuestra identidad cultural a trav\u00e9s de nuestra m\u00fasica y danza folkl\u00f3rica\u201d.<br \/>\nPor su parte, la presidenta del Centro Tradicionalista \u201cVirginia Choquintel\u201d Susana Navarro, agradeci\u00f3 \u201cel constante apoyo y acompa\u00f1amiento de la Municipalidad y la Secretar\u00eda de Cultura y Educaci\u00f3n, que hace esto posible. Nos pone muy contentos invitar a toda la comunidad a compartir una noche a puro folklore, disfrutando tambi\u00e9n de las comidas t\u00edpicas de las provincias\u201d.<\/p>\n","protected":false},"excerpt":{"rendered":"<p>Habr\u00e1 espect\u00e1culos de danza, m\u00fasica y pulper\u00edas con comidas t\u00edpicas La Secretar\u00eda de Cultura y&#8230;<\/p>\n","protected":false},"author":1,"featured_media":57738,"comment_status":"closed","ping_status":"closed","sticky":false,"template":"","format":"standard","meta":{"footnotes":""},"categories":[3],"tags":[],"class_list":["post-57737","post","type-post","status-publish","format-standard","has-post-thumbnail","hentry","category-noticias"],"jetpack_featured_media_url":"https:\/\/hablemosclarotdf.com.ar\/wp-content\/uploads\/2025\/11\/photo_2025-11-12_13-37-27.jpg","_links":{"self":[{"href":"https:\/\/hablemosclarotdf.com.ar\/index.php?rest_route=\/wp\/v2\/posts\/57737","targetHints":{"allow":["GET"]}}],"collection":[{"href":"https:\/\/hablemosclarotdf.com.ar\/index.php?rest_route=\/wp\/v2\/posts"}],"about":[{"href":"https:\/\/hablemosclarotdf.com.ar\/index.php?rest_route=\/wp\/v2\/types\/post"}],"author":[{"embeddable":true,"href":"https:\/\/hablemosclarotdf.com.ar\/index.php?rest_route=\/wp\/v2\/users\/1"}],"replies":[{"embeddable":true,"href":"https:\/\/hablemosclarotdf.com.ar\/index.php?rest_route=%2Fwp%2Fv2%2Fcomments&post=57737"}],"version-history":[{"count":1,"href":"https:\/\/hablemosclarotdf.com.ar\/index.php?rest_route=\/wp\/v2\/posts\/57737\/revisions"}],"predecessor-version":[{"id":57739,"href":"https:\/\/hablemosclarotdf.com.ar\/index.php?rest_route=\/wp\/v2\/posts\/57737\/revisions\/57739"}],"wp:featuredmedia":[{"embeddable":true,"href":"https:\/\/hablemosclarotdf.com.ar\/index.php?rest_route=\/wp\/v2\/media\/57738"}],"wp:attachment":[{"href":"https:\/\/hablemosclarotdf.com.ar\/index.php?rest_route=%2Fwp%2Fv2%2Fmedia&parent=57737"}],"wp:term":[{"taxonomy":"category","embeddable":true,"href":"https:\/\/hablemosclarotdf.com.ar\/index.php?rest_route=%2Fwp%2Fv2%2Fcategories&post=57737"},{"taxonomy":"post_tag","embeddable":true,"href":"https:\/\/hablemosclarotdf.com.ar\/index.php?rest_route=%2Fwp%2Fv2%2Ftags&post=57737"}],"curies":[{"name":"wp","href":"https:\/\/api.w.org\/{rel}","templated":true}]}}