{"id":57728,"date":"2025-11-12T10:55:03","date_gmt":"2025-11-12T13:55:03","guid":{"rendered":"https:\/\/hablemosclarotdf.com.ar\/?p=57728"},"modified":"2025-11-12T10:55:03","modified_gmt":"2025-11-12T13:55:03","slug":"medicina-del-trabajo-zona-sur-solo-con-atencion-virtual-por-mudanza","status":"publish","type":"post","link":"https:\/\/hablemosclarotdf.com.ar\/?p=57728","title":{"rendered":"MEDICINA DEL TRABAJO ZONA SUR: SOLO CON ATENCI\u00d3N VIRTUAL POR MUDANZA"},"content":{"rendered":"<p>El Ministerio de Salud de la Provincia, a trav\u00e9s de la Secretar\u00eda de Coordinaci\u00f3n, informa a la comunidad que la Direcci\u00f3n de Medicina del Trabajo Zona Sur en Ushuaia permanecer\u00e1 cerrada al p\u00fablico de manera presencial desde el lunes 17 hasta el viernes 28 de noviembre, debido a la mudanza de sus oficinas.<\/p>\n<p>Durante este per\u00edodo, no habr\u00e1 atenci\u00f3n presencial, pero se mantendr\u00e1n habilitados los siguientes canales de comunicaci\u00f3n para consultas y tr\u00e1mites:<\/p>\n<p>L\u00ednea de WhatsApp (solo mensajes de texto): +54 9 2901 46 9224<br \/>\nCorreo electr\u00f3nico: medicinadeltrabajo.sur@tierradelfuego.gob.ar<\/p>\n<p>A trav\u00e9s de estos medios, el equipo de Medicina del Trabajo brindar\u00e1 orientaci\u00f3n y recibir\u00e1 la documentaci\u00f3n correspondiente, la cual deber\u00e1 enviarse indicando claramente el tr\u00e1mite a realizar.<\/p>\n","protected":false},"excerpt":{"rendered":"<p>El Ministerio de Salud de la Provincia, a trav\u00e9s de la Secretar\u00eda de Coordinaci\u00f3n, informa&#8230;<\/p>\n","protected":false},"author":1,"featured_media":57729,"comment_status":"closed","ping_status":"closed","sticky":false,"template":"","format":"standard","meta":{"footnotes":""},"categories":[3],"tags":[],"class_list":["post-57728","post","type-post","status-publish","format-standard","has-post-thumbnail","hentry","category-noticias"],"jetpack_featured_media_url":"https:\/\/hablemosclarotdf.com.ar\/wp-content\/uploads\/2025\/11\/photo_2025-11-12_10-53-02.jpg","_links":{"self":[{"href":"https:\/\/hablemosclarotdf.com.ar\/index.php?rest_route=\/wp\/v2\/posts\/57728","targetHints":{"allow":["GET"]}}],"collection":[{"href":"https:\/\/hablemosclarotdf.com.ar\/index.php?rest_route=\/wp\/v2\/posts"}],"about":[{"href":"https:\/\/hablemosclarotdf.com.ar\/index.php?rest_route=\/wp\/v2\/types\/post"}],"author":[{"embeddable":true,"href":"https:\/\/hablemosclarotdf.com.ar\/index.php?rest_route=\/wp\/v2\/users\/1"}],"replies":[{"embeddable":true,"href":"https:\/\/hablemosclarotdf.com.ar\/index.php?rest_route=%2Fwp%2Fv2%2Fcomments&post=57728"}],"version-history":[{"count":1,"href":"https:\/\/hablemosclarotdf.com.ar\/index.php?rest_route=\/wp\/v2\/posts\/57728\/revisions"}],"predecessor-version":[{"id":57730,"href":"https:\/\/hablemosclarotdf.com.ar\/index.php?rest_route=\/wp\/v2\/posts\/57728\/revisions\/57730"}],"wp:featuredmedia":[{"embeddable":true,"href":"https:\/\/hablemosclarotdf.com.ar\/index.php?rest_route=\/wp\/v2\/media\/57729"}],"wp:attachment":[{"href":"https:\/\/hablemosclarotdf.com.ar\/index.php?rest_route=%2Fwp%2Fv2%2Fmedia&parent=57728"}],"wp:term":[{"taxonomy":"category","embeddable":true,"href":"https:\/\/hablemosclarotdf.com.ar\/index.php?rest_route=%2Fwp%2Fv2%2Fcategories&post=57728"},{"taxonomy":"post_tag","embeddable":true,"href":"https:\/\/hablemosclarotdf.com.ar\/index.php?rest_route=%2Fwp%2Fv2%2Ftags&post=57728"}],"curies":[{"name":"wp","href":"https:\/\/api.w.org\/{rel}","templated":true}]}}