{"id":57724,"date":"2025-11-12T10:34:17","date_gmt":"2025-11-12T13:34:17","guid":{"rendered":"https:\/\/hablemosclarotdf.com.ar\/?p=57724"},"modified":"2025-11-12T10:34:17","modified_gmt":"2025-11-12T13:34:17","slug":"este-jueves-inicia-el-congreso-internacional-de-educacion-e-inclusion-desde-el-sur-2025","status":"publish","type":"post","link":"https:\/\/hablemosclarotdf.com.ar\/?p=57724","title":{"rendered":"ESTE JUEVES INICIA EL CONGRESO INTERNACIONAL DE EDUCACI\u00d3N E INCLUSI\u00d3N DESDE EL SUR 2025"},"content":{"rendered":"<p>Bajo el lema \u201cCamino hacia la Transformaci\u00f3n Educativa\u201d, el evento se desarrollar\u00e1 de manera presencial en Ushuaia, R\u00edo Grande y Tolhuin los d\u00edas 13, 14 y 15 de noviembre, con destacados conferencistas internacionales.<\/p>\n<p>El Ministerio de Educaci\u00f3n de la provincia realizar\u00e1 una nueva edici\u00f3n del Congreso Internacional de Educaci\u00f3n e Inclusi\u00f3n desde el Sur, que se llevar\u00e1 a cabo los d\u00edas jueves 13, viernes 14 y s\u00e1bado 15 de noviembre de 2025. El evento, que espera la participaci\u00f3n de m\u00e1s de 3.700 docentes, se desplegar\u00e1 de forma simult\u00e1nea en las tres ciudades fueguinas, marcando un hito en la formaci\u00f3n docente provincial.<\/p>\n<p>Esta edici\u00f3n, que lleva el lema \u201cCamino hacia la Transformaci\u00f3n Educativa\u201d, ha organizado las actividades por nivel y modalidad educativa, as\u00ed como para los equipos de orientaci\u00f3n y gabinete, garantizando una experiencia de capacitaci\u00f3n espec\u00edfica y enriquecedora para todos los participantes.<\/p>\n<p>Cronograma Presencial: jueves 13 y viernes 14 de noviembre<\/p>\n<p>El congreso se desarrollar\u00e1 de manera presencial en m\u00faltiples sedes de Ushuaia, R\u00edo Grande y Tolhuin. A continuaci\u00f3n, el detalle de las actividades:<\/p>\n<p>USHUAIA<\/p>\n<p>Jueves 13 de noviembre:<\/p>\n<p>Turno Ma\u00f1ana (8:00 a 12:00 h) y Tarde (13:00 a 17:00 h): Docentes de Niveles Inicial, Primaria y Modalidad de Educaci\u00f3n Especial. Sedes: Gimnasios de la Escuela N\u00b013, Centro Polivalente de Arte y Casa del Deporte.<\/p>\n<p>Turno Vespertino (18:00 a 21:00 h): Docentes de Nivel Superior. Sede: Gimnasio de la Escuela N\u00b013.<\/p>\n<p>Viernes 14 de noviembre:<\/p>\n<p>Turno Ma\u00f1ana (8:00 a 12:00 h) y Tarde (13:00 a 17:00 h): Docentes de Nivel Secundario y Superior T\u00e9cnico Profesional. Sedes: Gimnasios de la Escuela N\u00b013, Centro Polivalente de Arte y Casa del Deporte.<\/p>\n<p>Turno Ma\u00f1ana (10:00 a 13:00 h): Personal de Gabinete de Psicopedagog\u00eda y Orientaci\u00f3n Escolar. Sede: Gimnasio de la Escuela N\u00b013.<\/p>\n<p>R\u00cdO GRANDE<\/p>\n<p>Jueves 13 de noviembre:<\/p>\n<p>Turno Ma\u00f1ana (8:00 a 12:00 h) y Tarde (13:00 a 17:00 h): Docentes de Nivel Secundario y Superior T\u00e9cnico Profesional. Sedes: Gimnasios de la Escuela N\u00b02, Centro Polivalente de Arte y Mar\u00eda Auxiliadora.<\/p>\n<p>Turno Ma\u00f1ana (10:00 a 13:00 h): Personal de Gabinete de Psicopedagog\u00eda y Orientaci\u00f3n Escolar. Sede: Gimnasio de la Escuela N\u00b02.<\/p>\n<p>Viernes 14 de noviembre:<\/p>\n<p>Turno Ma\u00f1ana (8:00 a 12:00 h) y Tarde (13:00 a 17:00 h): Docentes de Niveles Inicial, Primaria y Modalidad de Educaci\u00f3n Especial. Sedes: Gimnasios de la Escuela N\u00b02, Centro Polivalente de Arte y Mar\u00eda Auxiliadora.<\/p>\n<p>Turno Vespertino (18:00 a 21:00 h): Docentes de Nivel Superior. Sede: Gimnasio de la Escuela N\u00b02.<\/p>\n<p>TOLHUIN | Casa del Deporte<\/p>\n<p>Viernes 14 de noviembre:<\/p>\n<p>Turno Ma\u00f1ana (8:00 a 12:00 h): Docentes de Niveles Inicial, Primaria y Modalidad de Educaci\u00f3n Especial.<\/p>\n<p>Turno Tarde (13:00 a 17:00 h): Docentes de Nivel Secundario.<\/p>\n<p>Conferencias Centrales por Especialidad<\/p>\n<p>El Congreso contar\u00e1 con la presencia de reconocidos expertos que brindar\u00e1n conferencias espec\u00edficas:<\/p>\n<p>Mar\u00eda Jos\u00e9 Borsani (Terapista Ocupacional y Maestra Especializada): Conferencia \u201cEducaci\u00f3n e inclusi\u00f3n: planificar en funci\u00f3n de la diversidad\u201d para docentes de Nivel Inicial, Primario y Modalidades.<\/p>\n<p>Gabriela Carnevale (Mgtr. en Ciencias Sociales con Orientaci\u00f3n en Educaci\u00f3n &#8211; FLACSO): Conferencia \u201cLa planificaci\u00f3n como oportunidad para revisar las decisiones sobre la ense\u00f1anza. Cuidados de las trayectorias educativas\u201d para docentes de Nivel Secundario, CENS y Educaci\u00f3n T\u00e9cnica Profesional.<\/p>\n<p>Ver\u00f3nica Piovani (Mgtr. en Ciencias Sociales): Conferencia \u201cLa formaci\u00f3n y el trabajo docente en la era digital. Autoridad Pedag\u00f3gica, ense\u00f1anza y evaluaci\u00f3n en tiempos tecnol\u00f3gicos\u201d para docentes de Nivel Superior en Formaci\u00f3n Docente.<\/p>\n<p>Beatriz Janin (Psic\u00f3loga y Psicoanalista): Conferencia \u201cInfancias y adolescencias en \u00e9pocas de desamparo colectivo\u201d para Equipos de Orientaci\u00f3n Escolar y Gabinete.<\/p>\n<p>Jornada de Cierre Virtual: s\u00e1bado 15 de noviembre<\/p>\n<p>La actividad final del congreso ser\u00e1 abierta a todos los participantes y se transmitir\u00e1 en vivo por el canal de YouTube del Gobierno de la provincia (https:\/\/www.youtube.com\/@gobiernodetierradelfuego) de 9:00 a 12:00 horas. La conferencia magistral, \u201cEducaci\u00f3n a Tiempo Completo en Esp\u00edritu Santo (Brasil): historias, conceptos y metodolog\u00edas\u201d, estar\u00e1 a cargo del Dr. Vitor de Angelo, Secretario de Estado de Educaci\u00f3n de Esp\u00edritu Santo, Brasil.<\/p>\n<p>La acreditaci\u00f3n se realizar\u00e1 en cada una de las sedes al momento de la participaci\u00f3n. La certificaci\u00f3n correspondiente se obtendr\u00e1 luego de finalizado el congreso, mediante la aprobaci\u00f3n de una evaluaci\u00f3n que estar\u00e1 disponible en las Aulas Digitales del Ministerio de Educaci\u00f3n.<\/p>\n<p>YouTube (https:\/\/www.youtube.com\/@gobiernodetierradelfuego)<br \/>\nSomos ciudadanos del fin del mundo<br \/>\nShare your videos with friends, family, and the world<\/p>\n","protected":false},"excerpt":{"rendered":"<p>Bajo el lema \u201cCamino hacia la Transformaci\u00f3n Educativa\u201d, el evento se desarrollar\u00e1 de manera presencial&#8230;<\/p>\n","protected":false},"author":1,"featured_media":57725,"comment_status":"closed","ping_status":"closed","sticky":false,"template":"","format":"standard","meta":{"footnotes":""},"categories":[3],"tags":[],"class_list":["post-57724","post","type-post","status-publish","format-standard","has-post-thumbnail","hentry","category-noticias"],"jetpack_featured_media_url":"https:\/\/hablemosclarotdf.com.ar\/wp-content\/uploads\/2025\/11\/photo_2025-11-12_10-32-23.jpg","_links":{"self":[{"href":"https:\/\/hablemosclarotdf.com.ar\/index.php?rest_route=\/wp\/v2\/posts\/57724","targetHints":{"allow":["GET"]}}],"collection":[{"href":"https:\/\/hablemosclarotdf.com.ar\/index.php?rest_route=\/wp\/v2\/posts"}],"about":[{"href":"https:\/\/hablemosclarotdf.com.ar\/index.php?rest_route=\/wp\/v2\/types\/post"}],"author":[{"embeddable":true,"href":"https:\/\/hablemosclarotdf.com.ar\/index.php?rest_route=\/wp\/v2\/users\/1"}],"replies":[{"embeddable":true,"href":"https:\/\/hablemosclarotdf.com.ar\/index.php?rest_route=%2Fwp%2Fv2%2Fcomments&post=57724"}],"version-history":[{"count":1,"href":"https:\/\/hablemosclarotdf.com.ar\/index.php?rest_route=\/wp\/v2\/posts\/57724\/revisions"}],"predecessor-version":[{"id":57726,"href":"https:\/\/hablemosclarotdf.com.ar\/index.php?rest_route=\/wp\/v2\/posts\/57724\/revisions\/57726"}],"wp:featuredmedia":[{"embeddable":true,"href":"https:\/\/hablemosclarotdf.com.ar\/index.php?rest_route=\/wp\/v2\/media\/57725"}],"wp:attachment":[{"href":"https:\/\/hablemosclarotdf.com.ar\/index.php?rest_route=%2Fwp%2Fv2%2Fmedia&parent=57724"}],"wp:term":[{"taxonomy":"category","embeddable":true,"href":"https:\/\/hablemosclarotdf.com.ar\/index.php?rest_route=%2Fwp%2Fv2%2Fcategories&post=57724"},{"taxonomy":"post_tag","embeddable":true,"href":"https:\/\/hablemosclarotdf.com.ar\/index.php?rest_route=%2Fwp%2Fv2%2Ftags&post=57724"}],"curies":[{"name":"wp","href":"https:\/\/api.w.org\/{rel}","templated":true}]}}