{"id":57721,"date":"2025-11-12T10:30:11","date_gmt":"2025-11-12T13:30:11","guid":{"rendered":"https:\/\/hablemosclarotdf.com.ar\/?p=57721"},"modified":"2025-11-12T10:30:11","modified_gmt":"2025-11-12T13:30:11","slug":"melella-la-salida-de-ypf-es-una-gran-posibilidad-de-crecimiento-para-tierra-del-fuego","status":"publish","type":"post","link":"https:\/\/hablemosclarotdf.com.ar\/?p=57721","title":{"rendered":"MELELLA: \u201cLA SALIDA DE YPF ES UNA GRAN POSIBILIDAD DE CRECIMIENTO PARA TIERRA DEL FUEGO&#8221;"},"content":{"rendered":"<p>El Mandatario provincial detall\u00f3 los beneficios del traspaso de \u00e1reas a Terra Ignis Energ\u00eda, asegur\u00f3 que la empresa estatal cuenta con equipos t\u00e9cnicos expertos y confirm\u00f3 el inter\u00e9s de capitales internacionales para invertir. Hizo un llamado a la Legislatura para una pronta aprobaci\u00f3n, priorizando el trabajo y los recursos fueguinos.<\/p>\n<p>Luego de la firma del traspaso de \u00e1reas hidrocarbur\u00edferas, el Gobernador Gustavo Melella expuso en detalle la hoja de ruta de Terra Ignis Energ\u00eda, la sociedad an\u00f3nima estatal que asume la explotaci\u00f3n de los pozos. El Mandatario fueguino analiz\u00f3 la oportunidad hist\u00f3rica que representa esta transici\u00f3n, despej\u00f3 dudas sobre la capacidad t\u00e9cnica de la nueva empresa y se refiri\u00f3 al inter\u00e9s geopol\u00edtico que despierta la provincia.<\/p>\n<p>Melella fue contundente al caracterizar la situaci\u00f3n previa: \u201cYPF hace a\u00f1os no invierte en la provincia\u201d. Se\u00f1al\u00f3 que, si bien se trata de \u201cpozos maduros\u201d en declinaci\u00f3n natural, la falta de inter\u00e9s e inversi\u00f3n de YPF \u2013que redirigi\u00f3 sus esfuerzos a Vaca Muerta\u2013 aceler\u00f3 la ca\u00edda de la producci\u00f3n. \u201cCuando uno produce menos, son menos puestos de trabajo para nuestra gente y menos ingresos para la provincia\u201d, explic\u00f3, remarcando el impacto en las regal\u00edas.<\/p>\n<p>Frente a este escenario, el Gobernador enfatiz\u00f3 que la salida de YPF no es una crisis, sino \u201cuna gran posibilidad de crecimiento\u201d. El plan, detall\u00f3, se basa en tres pilares: recuperar los pozos para incrementar la producci\u00f3n por encima de los niveles actuales, y asociarse con empresas de capitales nacionales o extranjeros que aporten \u201ccapacidad financiera, pero tambi\u00e9n capacidad t\u00e9cnica\u201d.<\/p>\n<p>Al ser consultado sobre la capacidad operativa de Terra Ignis Energ\u00eda, Melella despej\u00f3 dudas: \u201cTerra Ignis Energ\u00eda no est\u00e1 solo en esto\u201d. Asegur\u00f3 que la empresa provincial ya ha formado sus propios equipos t\u00e9cnicos \u201cmuy buenos\u201d y ha reclutado expertos para realizar relevamientos ambientales y evaluar cada pozo.<\/p>\n<p>\u201cSe est\u00e1 asociando con empresas que tienen much\u00edsima experiencia y mucha capacidad financiera y t\u00e9cnica\u201d, afirm\u00f3, revelando que existen tratativas avanzadas con empresas de origen chino, del mundo \u00e1rabe, ruso y brasile\u00f1o. \u201cBuscamos que vengan a todo el mundo a invertir en la provincia porque necesitamos generar trabajo en Tierra del Fuego\u201d, declar\u00f3.<\/p>\n<p>Al abordar las posibles tensiones geopol\u00edticas por el inter\u00e9s de capitales chinos, el Gobernador fue enf\u00e1tico: \u201cEs la provincia la que determina y se\u00f1ala el rumbo\u201d. Record\u00f3 que, cuando representantes de la Embajada de Estados Unidos lo visitaron, les pregunt\u00f3 directamente sobre su inter\u00e9s en invertir y la respuesta fue negativa. \u201cSi no quisieron invertir, lo lamento. Si quieren venir a invertir, bienvenido sea, y le abrimos al mundo entero que venga a invertir, menos a los brit\u00e1nicos\u201d, sentenci\u00f3.<\/p>\n<p>Melella se mostr\u00f3 confiado en que el Gobierno Nacional no pondr\u00e1 trabas. \u201cEs un contrasentido. Estamos hablando de que queremos inversiones, necesitamos generar trabajo, necesitamos traer d\u00f3lares\u00a0 y no te vas a poner en eso diciendo si sos chino o no\u201d.<\/p>\n<p>Finalmente, el Gobernador se refiri\u00f3 al crucial debate que se viene en la Legislatura provincial para habilitar la operatoria de Terra Ignis Energ\u00eda. \u201cLo que uno espera es que la Legislatura entienda que es una necesidad de preservar puestos de trabajo y recursos para la provincia\u201d, expres\u00f3.<\/p>\n<p>Tras recordar la dif\u00edcil aprobaci\u00f3n de la extensi\u00f3n del contrato de Total, Melella hizo un llamado a dejar de lado intereses secundarios: \u201cAc\u00e1 no queda margen para otros cuestionamientos. Espero que ning\u00fan inter\u00e9s secundario, ninguna mezquindad pol\u00edtica, comprometa los recursos de la provincia\u201d.<\/p>\n","protected":false},"excerpt":{"rendered":"<p>El Mandatario provincial detall\u00f3 los beneficios del traspaso de \u00e1reas a Terra Ignis Energ\u00eda, asegur\u00f3&#8230;<\/p>\n","protected":false},"author":1,"featured_media":57722,"comment_status":"closed","ping_status":"closed","sticky":false,"template":"","format":"standard","meta":{"footnotes":""},"categories":[3],"tags":[],"class_list":["post-57721","post","type-post","status-publish","format-standard","has-post-thumbnail","hentry","category-noticias"],"jetpack_featured_media_url":"https:\/\/hablemosclarotdf.com.ar\/wp-content\/uploads\/2025\/11\/photo_2025-11-12_10-28-50.jpg","_links":{"self":[{"href":"https:\/\/hablemosclarotdf.com.ar\/index.php?rest_route=\/wp\/v2\/posts\/57721","targetHints":{"allow":["GET"]}}],"collection":[{"href":"https:\/\/hablemosclarotdf.com.ar\/index.php?rest_route=\/wp\/v2\/posts"}],"about":[{"href":"https:\/\/hablemosclarotdf.com.ar\/index.php?rest_route=\/wp\/v2\/types\/post"}],"author":[{"embeddable":true,"href":"https:\/\/hablemosclarotdf.com.ar\/index.php?rest_route=\/wp\/v2\/users\/1"}],"replies":[{"embeddable":true,"href":"https:\/\/hablemosclarotdf.com.ar\/index.php?rest_route=%2Fwp%2Fv2%2Fcomments&post=57721"}],"version-history":[{"count":1,"href":"https:\/\/hablemosclarotdf.com.ar\/index.php?rest_route=\/wp\/v2\/posts\/57721\/revisions"}],"predecessor-version":[{"id":57723,"href":"https:\/\/hablemosclarotdf.com.ar\/index.php?rest_route=\/wp\/v2\/posts\/57721\/revisions\/57723"}],"wp:featuredmedia":[{"embeddable":true,"href":"https:\/\/hablemosclarotdf.com.ar\/index.php?rest_route=\/wp\/v2\/media\/57722"}],"wp:attachment":[{"href":"https:\/\/hablemosclarotdf.com.ar\/index.php?rest_route=%2Fwp%2Fv2%2Fmedia&parent=57721"}],"wp:term":[{"taxonomy":"category","embeddable":true,"href":"https:\/\/hablemosclarotdf.com.ar\/index.php?rest_route=%2Fwp%2Fv2%2Fcategories&post=57721"},{"taxonomy":"post_tag","embeddable":true,"href":"https:\/\/hablemosclarotdf.com.ar\/index.php?rest_route=%2Fwp%2Fv2%2Ftags&post=57721"}],"curies":[{"name":"wp","href":"https:\/\/api.w.org\/{rel}","templated":true}]}}