{"id":57682,"date":"2025-11-11T23:13:12","date_gmt":"2025-11-12T02:13:12","guid":{"rendered":"https:\/\/hablemosclarotdf.com.ar\/?p=57682"},"modified":"2025-11-11T23:13:12","modified_gmt":"2025-11-12T02:13:12","slug":"rio-grande-este-miercoles-rige-alerta-amarilla-por-fuertes-vientos-2","status":"publish","type":"post","link":"https:\/\/hablemosclarotdf.com.ar\/?p=57682","title":{"rendered":"RIO GRANDE : ESTE MI\u00c9RCOLES RIGE ALERTA AMARILLA POR FUERTES VIENTOS"},"content":{"rendered":"<p>El Municipio informa a la comunidad que, este mi\u00e9rcoles 12 de noviembre, regir\u00e1 una alerta amarilla por vientos intensos, emitida por el Servicio Meteorol\u00f3gico Nacional. R\u00edo Grande se ver\u00e1 afectada por r\u00e1fagas que podr\u00edan superar los 80 km\/h; las cuales comenzar\u00e1n a partir del mediod\u00eda hasta la tarde\/noche.<\/p>\n<p>Por este motivo, se solicita a los vecinos y vecinas evitar actividades al aire libre, asegurar los elementos de sus propiedades y respetar los horarios de recolecci\u00f3n de residuos para evitar posibles situaciones de peligro.<\/p>\n<p>Asimismo, se recomienda circular con precauci\u00f3n y consultar previamente si est\u00e1n dadas las condiciones para transitar de forma segura en la ruta.<\/p>\n<p>Ante cualquier inconveniente y\/o emergencia pueden comunicarse con Defensa Civil Municipal mediante la l\u00ednea 103 de emergencia.<\/p>\n","protected":false},"excerpt":{"rendered":"<p>El Municipio informa a la comunidad que, este mi\u00e9rcoles 12 de noviembre, regir\u00e1 una alerta&#8230;<\/p>\n","protected":false},"author":1,"featured_media":57683,"comment_status":"closed","ping_status":"closed","sticky":false,"template":"","format":"standard","meta":{"footnotes":""},"categories":[3],"tags":[],"class_list":["post-57682","post","type-post","status-publish","format-standard","has-post-thumbnail","hentry","category-noticias"],"jetpack_featured_media_url":"https:\/\/hablemosclarotdf.com.ar\/wp-content\/uploads\/2025\/11\/photo_2025-11-11_23-12-42.jpg","_links":{"self":[{"href":"https:\/\/hablemosclarotdf.com.ar\/index.php?rest_route=\/wp\/v2\/posts\/57682","targetHints":{"allow":["GET"]}}],"collection":[{"href":"https:\/\/hablemosclarotdf.com.ar\/index.php?rest_route=\/wp\/v2\/posts"}],"about":[{"href":"https:\/\/hablemosclarotdf.com.ar\/index.php?rest_route=\/wp\/v2\/types\/post"}],"author":[{"embeddable":true,"href":"https:\/\/hablemosclarotdf.com.ar\/index.php?rest_route=\/wp\/v2\/users\/1"}],"replies":[{"embeddable":true,"href":"https:\/\/hablemosclarotdf.com.ar\/index.php?rest_route=%2Fwp%2Fv2%2Fcomments&post=57682"}],"version-history":[{"count":1,"href":"https:\/\/hablemosclarotdf.com.ar\/index.php?rest_route=\/wp\/v2\/posts\/57682\/revisions"}],"predecessor-version":[{"id":57684,"href":"https:\/\/hablemosclarotdf.com.ar\/index.php?rest_route=\/wp\/v2\/posts\/57682\/revisions\/57684"}],"wp:featuredmedia":[{"embeddable":true,"href":"https:\/\/hablemosclarotdf.com.ar\/index.php?rest_route=\/wp\/v2\/media\/57683"}],"wp:attachment":[{"href":"https:\/\/hablemosclarotdf.com.ar\/index.php?rest_route=%2Fwp%2Fv2%2Fmedia&parent=57682"}],"wp:term":[{"taxonomy":"category","embeddable":true,"href":"https:\/\/hablemosclarotdf.com.ar\/index.php?rest_route=%2Fwp%2Fv2%2Fcategories&post=57682"},{"taxonomy":"post_tag","embeddable":true,"href":"https:\/\/hablemosclarotdf.com.ar\/index.php?rest_route=%2Fwp%2Fv2%2Ftags&post=57682"}],"curies":[{"name":"wp","href":"https:\/\/api.w.org\/{rel}","templated":true}]}}