{"id":57675,"date":"2025-11-11T19:18:46","date_gmt":"2025-11-11T22:18:46","guid":{"rendered":"https:\/\/hablemosclarotdf.com.ar\/?p=57675"},"modified":"2025-11-11T19:18:46","modified_gmt":"2025-11-11T22:18:46","slug":"rio-grande-este-viernes-se-realizara-una-nueva-jornada-de-orientacion-vocacional-para-estudiantes-secundarios","status":"publish","type":"post","link":"https:\/\/hablemosclarotdf.com.ar\/?p=57675","title":{"rendered":"RIO GRANDE : ESTE VIERNES SE REALIZAR\u00c1 UNA NUEVA JORNADA DE ORIENTACI\u00d3N VOCACIONAL PARA ESTUDIANTES SECUNDARIOS"},"content":{"rendered":"<p>El Municipio de R\u00edo Grande, a trav\u00e9s de la Direcci\u00f3n de Prevenci\u00f3n y Promoci\u00f3n de la Salud Mental \u2014dependiente de la Direcci\u00f3n General de Salud Mental y Adicciones\u2014, recuerda a las y los estudiantes del \u00faltimo a\u00f1o del nivel secundario que este viernes 14 de noviembre, a partir de las 18 horas, se llevar\u00e1 adelante una nueva jornada de orientaci\u00f3n vocacional en Casa de J\u00f3venes (Isla de los Estados 1195).<\/p>\n<p>Esta propuesta est\u00e1 destinada a quienes no pudieron participar de los talleres desarrollados durante el mes de julio. A lo largo del encuentro, se trabajar\u00e1 en la exploraci\u00f3n de intereses personales, se brindar\u00e1 informaci\u00f3n actualizada sobre la oferta acad\u00e9mica local y nacional, tanto en modalidades presenciales como a distancia, y se promover\u00e1 un espacio de reflexi\u00f3n sobre el proyecto de vida personal y profesional.<\/p>\n<p>El equipo t\u00e9cnico acompa\u00f1ar\u00e1 a las y los participantes en el proceso de autoconocimiento y toma de decisiones, ofreciendo herramientas que faciliten la elecci\u00f3n vocacional desde una mirada integral y respetuosa de cada trayectoria.<\/p>\n<p>La actividad est\u00e1 dirigida a j\u00f3venes que cursan el \u00faltimo a\u00f1o del nivel secundario. Quienes deseen participar podr\u00e1n inscribirse en Casa de J\u00f3venes o comunicarse al 436223 para m\u00e1s informaci\u00f3n.<\/p>\n<p>De esta manera, el Municipio de R\u00edo Grande contin\u00faa acompa\u00f1ando a la juventud riograndense en la construcci\u00f3n de sus proyectos de vida, reafirmando su compromiso con el desarrollo personal y profesional de las y los j\u00f3venes de la ciudad.<\/p>\n","protected":false},"excerpt":{"rendered":"<p>El Municipio de R\u00edo Grande, a trav\u00e9s de la Direcci\u00f3n de Prevenci\u00f3n y Promoci\u00f3n de&#8230;<\/p>\n","protected":false},"author":1,"featured_media":57676,"comment_status":"closed","ping_status":"closed","sticky":false,"template":"","format":"standard","meta":{"footnotes":""},"categories":[3],"tags":[],"class_list":["post-57675","post","type-post","status-publish","format-standard","has-post-thumbnail","hentry","category-noticias"],"jetpack_featured_media_url":"https:\/\/hablemosclarotdf.com.ar\/wp-content\/uploads\/2025\/11\/photo_2025-11-11_19-18-11.jpg","_links":{"self":[{"href":"https:\/\/hablemosclarotdf.com.ar\/index.php?rest_route=\/wp\/v2\/posts\/57675","targetHints":{"allow":["GET"]}}],"collection":[{"href":"https:\/\/hablemosclarotdf.com.ar\/index.php?rest_route=\/wp\/v2\/posts"}],"about":[{"href":"https:\/\/hablemosclarotdf.com.ar\/index.php?rest_route=\/wp\/v2\/types\/post"}],"author":[{"embeddable":true,"href":"https:\/\/hablemosclarotdf.com.ar\/index.php?rest_route=\/wp\/v2\/users\/1"}],"replies":[{"embeddable":true,"href":"https:\/\/hablemosclarotdf.com.ar\/index.php?rest_route=%2Fwp%2Fv2%2Fcomments&post=57675"}],"version-history":[{"count":1,"href":"https:\/\/hablemosclarotdf.com.ar\/index.php?rest_route=\/wp\/v2\/posts\/57675\/revisions"}],"predecessor-version":[{"id":57677,"href":"https:\/\/hablemosclarotdf.com.ar\/index.php?rest_route=\/wp\/v2\/posts\/57675\/revisions\/57677"}],"wp:featuredmedia":[{"embeddable":true,"href":"https:\/\/hablemosclarotdf.com.ar\/index.php?rest_route=\/wp\/v2\/media\/57676"}],"wp:attachment":[{"href":"https:\/\/hablemosclarotdf.com.ar\/index.php?rest_route=%2Fwp%2Fv2%2Fmedia&parent=57675"}],"wp:term":[{"taxonomy":"category","embeddable":true,"href":"https:\/\/hablemosclarotdf.com.ar\/index.php?rest_route=%2Fwp%2Fv2%2Fcategories&post=57675"},{"taxonomy":"post_tag","embeddable":true,"href":"https:\/\/hablemosclarotdf.com.ar\/index.php?rest_route=%2Fwp%2Fv2%2Ftags&post=57675"}],"curies":[{"name":"wp","href":"https:\/\/api.w.org\/{rel}","templated":true}]}}