{"id":57621,"date":"2025-11-11T18:41:19","date_gmt":"2025-11-11T21:41:19","guid":{"rendered":"https:\/\/hablemosclarotdf.com.ar\/?p=57621"},"modified":"2025-11-11T18:41:19","modified_gmt":"2025-11-11T21:41:19","slug":"ushuaia-se-suma-a-la-red-de-municipios-comprometidos-con-el-vih","status":"publish","type":"post","link":"https:\/\/hablemosclarotdf.com.ar\/?p=57621","title":{"rendered":"USHUAIA SE SUMA A LA RED DE MUNICIPIOS COMPROMETIDOS CON EL VIH"},"content":{"rendered":"<p>El intendente Walter Vuoto encabez\u00f3 la adhesi\u00f3n de Ushuaia a la Red de Municipios comprometidos con la respuesta al VIH, una iniciativa interagencial impulsada por ONUSIDA y el Programa de las Naciones Unidas para el Desarrollo (PNUD).<\/p>\n<p>La firma se realiz\u00f3 en la sede municipal, con la participaci\u00f3n de la viceintendenta Gabriela Mu\u00f1iz Siccardi, la secretaria de Pol\u00edticas Sociales, Sanitarias y Derechos Humanos Yanira Mart\u00ednez, el subsecretario de Salud Pablo Pesce y representantes de los organismos internacionales Clarisa Brezzo (ONUSIDA, Oficial de Informaci\u00f3n Estrat\u00e9gica), Diego Borisonik (PNUD, Asociado para el Desarrollo Inclusivo) y Sergio Maulen (Coordinador del proyecto interagencial Red de Municipios comprometidos con el VIH).<\/p>\n<p>Durante la firma, el intendente Walter Vuoto destac\u00f3 que \u201cser parte de esta red significa reafirmar nuestro compromiso con la salud p\u00fablica, con la inclusi\u00f3n y con el trabajo articulado para garantizar derechos. Ushuaia es una ciudad que acompa\u00f1a, que escucha y que trabaja para que nadie quede atr\u00e1s\u201d.<\/p>\n<p>La secretaria Yanira Mart\u00ednez subray\u00f3 que \u201cesta adhesi\u00f3n es un paso m\u00e1s en la construcci\u00f3n de una pol\u00edtica sanitaria con enfoque de derechos humanos, donde la informaci\u00f3n, la prevenci\u00f3n y el acompa\u00f1amiento son ejes centrales\u201d.<\/p>\n<p>Por su parte, el subsecretario de Salud Pablo Pesce remarc\u00f3 que \u201cla articulaci\u00f3n con organismos internacionales nos permite fortalecer las estrategias locales de prevenci\u00f3n, detecci\u00f3n temprana y acompa\u00f1amiento integral, garantizando el acceso a la salud para todas las personas\u201d.<\/p>\n<p>La incorporaci\u00f3n de Ushuaia a la Red de Municipios comprometidos con el VIH permitir\u00e1 potenciar el trabajo conjunto con los organismos internacionales y consolidar una agenda local de salud y derechos que promueva la inclusi\u00f3n, la prevenci\u00f3n y la no discriminaci\u00f3n.<\/p>\n<p><img loading=\"lazy\" decoding=\"async\" class=\"alignnone size-medium wp-image-57623\" src=\"https:\/\/hablemosclarotdf.com.ar\/wp-content\/uploads\/2025\/11\/photo_2025-11-11_18-39-45-300x200.jpg\" alt=\"\" width=\"300\" height=\"200\" srcset=\"https:\/\/hablemosclarotdf.com.ar\/wp-content\/uploads\/2025\/11\/photo_2025-11-11_18-39-45-300x200.jpg 300w, https:\/\/hablemosclarotdf.com.ar\/wp-content\/uploads\/2025\/11\/photo_2025-11-11_18-39-45-1024x683.jpg 1024w, https:\/\/hablemosclarotdf.com.ar\/wp-content\/uploads\/2025\/11\/photo_2025-11-11_18-39-45-768x512.jpg 768w, https:\/\/hablemosclarotdf.com.ar\/wp-content\/uploads\/2025\/11\/photo_2025-11-11_18-39-45.jpg 1280w\" sizes=\"auto, (max-width: 300px) 100vw, 300px\" \/> <img loading=\"lazy\" decoding=\"async\" class=\"alignnone size-medium wp-image-57624\" src=\"https:\/\/hablemosclarotdf.com.ar\/wp-content\/uploads\/2025\/11\/photo_2025-11-11_18-39-50-300x200.jpg\" alt=\"\" width=\"300\" height=\"200\" srcset=\"https:\/\/hablemosclarotdf.com.ar\/wp-content\/uploads\/2025\/11\/photo_2025-11-11_18-39-50-300x200.jpg 300w, https:\/\/hablemosclarotdf.com.ar\/wp-content\/uploads\/2025\/11\/photo_2025-11-11_18-39-50-1024x683.jpg 1024w, https:\/\/hablemosclarotdf.com.ar\/wp-content\/uploads\/2025\/11\/photo_2025-11-11_18-39-50-768x512.jpg 768w, https:\/\/hablemosclarotdf.com.ar\/wp-content\/uploads\/2025\/11\/photo_2025-11-11_18-39-50.jpg 1280w\" sizes=\"auto, (max-width: 300px) 100vw, 300px\" \/> <img loading=\"lazy\" decoding=\"async\" class=\"alignnone size-medium wp-image-57625\" src=\"https:\/\/hablemosclarotdf.com.ar\/wp-content\/uploads\/2025\/11\/photo_2025-11-11_18-39-54-300x200.jpg\" alt=\"\" width=\"300\" height=\"200\" srcset=\"https:\/\/hablemosclarotdf.com.ar\/wp-content\/uploads\/2025\/11\/photo_2025-11-11_18-39-54-300x200.jpg 300w, https:\/\/hablemosclarotdf.com.ar\/wp-content\/uploads\/2025\/11\/photo_2025-11-11_18-39-54-1024x683.jpg 1024w, https:\/\/hablemosclarotdf.com.ar\/wp-content\/uploads\/2025\/11\/photo_2025-11-11_18-39-54-768x512.jpg 768w, https:\/\/hablemosclarotdf.com.ar\/wp-content\/uploads\/2025\/11\/photo_2025-11-11_18-39-54.jpg 1280w\" sizes=\"auto, (max-width: 300px) 100vw, 300px\" \/><\/p>\n","protected":false},"excerpt":{"rendered":"<p>El intendente Walter Vuoto encabez\u00f3 la adhesi\u00f3n de Ushuaia a la Red de Municipios comprometidos&#8230;<\/p>\n","protected":false},"author":1,"featured_media":57622,"comment_status":"closed","ping_status":"closed","sticky":false,"template":"","format":"standard","meta":{"footnotes":""},"categories":[3],"tags":[],"class_list":["post-57621","post","type-post","status-publish","format-standard","has-post-thumbnail","hentry","category-noticias"],"jetpack_featured_media_url":"https:\/\/hablemosclarotdf.com.ar\/wp-content\/uploads\/2025\/11\/photo_2025-11-11_18-39-41.jpg","_links":{"self":[{"href":"https:\/\/hablemosclarotdf.com.ar\/index.php?rest_route=\/wp\/v2\/posts\/57621","targetHints":{"allow":["GET"]}}],"collection":[{"href":"https:\/\/hablemosclarotdf.com.ar\/index.php?rest_route=\/wp\/v2\/posts"}],"about":[{"href":"https:\/\/hablemosclarotdf.com.ar\/index.php?rest_route=\/wp\/v2\/types\/post"}],"author":[{"embeddable":true,"href":"https:\/\/hablemosclarotdf.com.ar\/index.php?rest_route=\/wp\/v2\/users\/1"}],"replies":[{"embeddable":true,"href":"https:\/\/hablemosclarotdf.com.ar\/index.php?rest_route=%2Fwp%2Fv2%2Fcomments&post=57621"}],"version-history":[{"count":1,"href":"https:\/\/hablemosclarotdf.com.ar\/index.php?rest_route=\/wp\/v2\/posts\/57621\/revisions"}],"predecessor-version":[{"id":57626,"href":"https:\/\/hablemosclarotdf.com.ar\/index.php?rest_route=\/wp\/v2\/posts\/57621\/revisions\/57626"}],"wp:featuredmedia":[{"embeddable":true,"href":"https:\/\/hablemosclarotdf.com.ar\/index.php?rest_route=\/wp\/v2\/media\/57622"}],"wp:attachment":[{"href":"https:\/\/hablemosclarotdf.com.ar\/index.php?rest_route=%2Fwp%2Fv2%2Fmedia&parent=57621"}],"wp:term":[{"taxonomy":"category","embeddable":true,"href":"https:\/\/hablemosclarotdf.com.ar\/index.php?rest_route=%2Fwp%2Fv2%2Fcategories&post=57621"},{"taxonomy":"post_tag","embeddable":true,"href":"https:\/\/hablemosclarotdf.com.ar\/index.php?rest_route=%2Fwp%2Fv2%2Ftags&post=57621"}],"curies":[{"name":"wp","href":"https:\/\/api.w.org\/{rel}","templated":true}]}}