{"id":57617,"date":"2025-11-11T18:38:02","date_gmt":"2025-11-11T21:38:02","guid":{"rendered":"https:\/\/hablemosclarotdf.com.ar\/?p=57617"},"modified":"2025-11-11T18:38:02","modified_gmt":"2025-11-11T21:38:02","slug":"c-d-tolhuin-el-concejo-analizo-el-convenio-del-camping-municipal-laguna-del-indio-y-reclamo-precisiones-antes-de-cualquier-licitacion","status":"publish","type":"post","link":"https:\/\/hablemosclarotdf.com.ar\/?p=57617","title":{"rendered":"C.D.TOLHUIN : El Concejo analiz\u00f3 el convenio del Camping Municipal \u201cLaguna del Indio\u201d y reclam\u00f3 precisiones antes de cualquier licitaci\u00f3n"},"content":{"rendered":"<p>En la \u00faltima reuni\u00f3n de la Comisi\u00f3n N\u00b04 de Legislaci\u00f3n e Interpretaci\u00f3n, presidida por la edil Jeannette Alderete, el Cuerpo de concejales analiz\u00f3 el avance del convenio vinculado al Camping Municipal \u201cLaguna del Indio\u201d, un instrumento necesario para habilitar la futura licitaci\u00f3n del predio.<br \/>\n.<br \/>\nDurante el encuentro, que cont\u00f3 con la presencia del secretario de Turismo y Producci\u00f3n del Municipio, Angelo Fagnani, las y los concejales expresaron preocupaci\u00f3n por la falta de fundamentos t\u00e9cnicos, econ\u00f3micos y legales que respalden el proceso impulsado por el Ejecutivo municipal, que ya inici\u00f3 un llamado a licitaci\u00f3n p\u00fablica sin que el convenio haya sido debidamente tratado y aprobado por el Concejo.<br \/>\n.<br \/>\nEl Municipio argumenta que la recaudaci\u00f3n actual del camping, unos cuatro millones de pesos entre octubre y marzo, resulta insuficiente para cubrir los costos principales, especialmente los sanitarios y de mantenimiento, motivo por el cual se eval\u00faa concesionar el espacio a un privado que pueda invertir en mejoras e infraestructura.<br \/>\n.<br \/>\nSin embargo, las y los concejales se\u00f1alaron que antes de avanzar con una concesi\u00f3n es indispensable contar con informaci\u00f3n precisa sobre los costos reales de funcionamiento, las necesidades de inversi\u00f3n y el marco jur\u00eddico correspondiente. Por tal motivo, se resolvi\u00f3 solicitar un pedido de informes al Ejecutivo para obtener esos datos antes de acompa\u00f1ar cualquier compromiso.<br \/>\n.<br \/>\nDesde el Concejo se remarc\u00f3 que toda decisi\u00f3n sobre el Camping Municipal \u201cLaguna del Indio\u201d debe garantizar prolijidad, legalidad y uso responsable de los recursos p\u00fablicos, en resguardo del patrimonio de la comunidad de Tolhuin.<\/p>\n<p><img loading=\"lazy\" decoding=\"async\" class=\"alignnone size-medium wp-image-57619\" src=\"https:\/\/hablemosclarotdf.com.ar\/wp-content\/uploads\/2025\/11\/photo_2025-11-11_18-36-48-300x200.jpg\" alt=\"\" width=\"300\" height=\"200\" srcset=\"https:\/\/hablemosclarotdf.com.ar\/wp-content\/uploads\/2025\/11\/photo_2025-11-11_18-36-48-300x200.jpg 300w, https:\/\/hablemosclarotdf.com.ar\/wp-content\/uploads\/2025\/11\/photo_2025-11-11_18-36-48-768x512.jpg 768w, https:\/\/hablemosclarotdf.com.ar\/wp-content\/uploads\/2025\/11\/photo_2025-11-11_18-36-48.jpg 960w\" sizes=\"auto, (max-width: 300px) 100vw, 300px\" \/><\/p>\n","protected":false},"excerpt":{"rendered":"<p>En la \u00faltima reuni\u00f3n de la Comisi\u00f3n N\u00b04 de Legislaci\u00f3n e Interpretaci\u00f3n, presidida por la&#8230;<\/p>\n","protected":false},"author":1,"featured_media":57618,"comment_status":"closed","ping_status":"closed","sticky":false,"template":"","format":"standard","meta":{"footnotes":""},"categories":[3],"tags":[],"class_list":["post-57617","post","type-post","status-publish","format-standard","has-post-thumbnail","hentry","category-noticias"],"jetpack_featured_media_url":"https:\/\/hablemosclarotdf.com.ar\/wp-content\/uploads\/2025\/11\/photo_2025-11-11_18-36-52.jpg","_links":{"self":[{"href":"https:\/\/hablemosclarotdf.com.ar\/index.php?rest_route=\/wp\/v2\/posts\/57617","targetHints":{"allow":["GET"]}}],"collection":[{"href":"https:\/\/hablemosclarotdf.com.ar\/index.php?rest_route=\/wp\/v2\/posts"}],"about":[{"href":"https:\/\/hablemosclarotdf.com.ar\/index.php?rest_route=\/wp\/v2\/types\/post"}],"author":[{"embeddable":true,"href":"https:\/\/hablemosclarotdf.com.ar\/index.php?rest_route=\/wp\/v2\/users\/1"}],"replies":[{"embeddable":true,"href":"https:\/\/hablemosclarotdf.com.ar\/index.php?rest_route=%2Fwp%2Fv2%2Fcomments&post=57617"}],"version-history":[{"count":1,"href":"https:\/\/hablemosclarotdf.com.ar\/index.php?rest_route=\/wp\/v2\/posts\/57617\/revisions"}],"predecessor-version":[{"id":57620,"href":"https:\/\/hablemosclarotdf.com.ar\/index.php?rest_route=\/wp\/v2\/posts\/57617\/revisions\/57620"}],"wp:featuredmedia":[{"embeddable":true,"href":"https:\/\/hablemosclarotdf.com.ar\/index.php?rest_route=\/wp\/v2\/media\/57618"}],"wp:attachment":[{"href":"https:\/\/hablemosclarotdf.com.ar\/index.php?rest_route=%2Fwp%2Fv2%2Fmedia&parent=57617"}],"wp:term":[{"taxonomy":"category","embeddable":true,"href":"https:\/\/hablemosclarotdf.com.ar\/index.php?rest_route=%2Fwp%2Fv2%2Fcategories&post=57617"},{"taxonomy":"post_tag","embeddable":true,"href":"https:\/\/hablemosclarotdf.com.ar\/index.php?rest_route=%2Fwp%2Fv2%2Ftags&post=57617"}],"curies":[{"name":"wp","href":"https:\/\/api.w.org\/{rel}","templated":true}]}}