{"id":57596,"date":"2025-11-11T15:24:35","date_gmt":"2025-11-11T18:24:35","guid":{"rendered":"https:\/\/hablemosclarotdf.com.ar\/?p=57596"},"modified":"2025-11-11T15:24:35","modified_gmt":"2025-11-11T18:24:35","slug":"rio-grande-mas-de-45-mil-vecinos-y-vecinas-visitaron-la-5a-expo-agroproductiva","status":"publish","type":"post","link":"https:\/\/hablemosclarotdf.com.ar\/?p=57596","title":{"rendered":"RIO GRANDE : M\u00c1S DE 45 MIL VECINOS Y VECINAS VISITARON LA 5\u00aa EXPO AGROPRODUCTIVA"},"content":{"rendered":"<p>El encuentro de producci\u00f3n m\u00e1s importante de la Patagonia Austral, organizado por la Secretar\u00eda de Desarrollo Productivo, tuvo lugar este fin de semana en la Misi\u00f3n Salesiana. De esta manera, el Municipio de R\u00edo Grande consolida la Expo Agroproductiva como un espacio de encuentro, intercambio y crecimiento, que promueve la soberan\u00eda alimentaria, el valor agregado local y la econom\u00eda circular en la provincia.<\/p>\n<p>La 5\u00aa edici\u00f3n de la Expo Agroproductiva recibi\u00f3 a m\u00e1s de 45 mil riograndenses, quienes disfrutaron de este evento que reuni\u00f3 al sector productivo local. Durante las dos jornadas, la comunidad pudo disfrutar de espect\u00e1culos art\u00edsticos, destrezas criollas, jineteadas, capacitaciones, cocina en vivo, y m\u00e1s de 150 stands de productores y emprendedores.<\/p>\n<p>Los visitantes recorrieron stands productivos y gastron\u00f3micos que reflejaron los frutos del trabajo local; participaron de capacitaciones y charlas dictadas por referentes de proyectos fueguinos; y disfrutaron de una variada propuesta art\u00edstica.<\/p>\n<p>La cocina en vivo estuvo a cargo de Santiago Uribe y Sergio Jaime, quienes elaboraron diferentes platos con insumos de la regi\u00f3n. En tanto, en el exterior se celebr\u00f3 el D\u00eda de la Tradici\u00f3n con pruebas de riendas, destrezas a caballo y una competencia de jineteada, en homenaje a nuestras ra\u00edces y costumbres argentinas.<\/p>\n<p>Es de mencionar que, el \u00e1rea del Invernadero Municipal entreg\u00f3 m\u00e1s de 10 mil plantines a los vecinos y vecinas que transitaron por el lugar, con el fin de seguir impulsando el desarrollo de la soberan\u00eda alimentaria en cada hogar.<\/p>\n<p>De esta manera, con cada nueva edici\u00f3n, la Expo Agroproductiva crece gracias al compromiso y la participaci\u00f3n de la comunidad. Este evento se consolida como un espacio esencial para destacar el trabajo de los sectores productivos, fortalecer lazos y promover nuevas oportunidades de desarrollo para R\u00edo Grande y toda la provincia.<\/p>\n<p><img loading=\"lazy\" decoding=\"async\" class=\"alignnone size-medium wp-image-57598\" src=\"https:\/\/hablemosclarotdf.com.ar\/wp-content\/uploads\/2025\/11\/photo_2025-11-11_15-22-55-300x200.jpg\" alt=\"\" width=\"300\" height=\"200\" srcset=\"https:\/\/hablemosclarotdf.com.ar\/wp-content\/uploads\/2025\/11\/photo_2025-11-11_15-22-55-300x200.jpg 300w, https:\/\/hablemosclarotdf.com.ar\/wp-content\/uploads\/2025\/11\/photo_2025-11-11_15-22-55-1024x682.jpg 1024w, https:\/\/hablemosclarotdf.com.ar\/wp-content\/uploads\/2025\/11\/photo_2025-11-11_15-22-55-768x511.jpg 768w, https:\/\/hablemosclarotdf.com.ar\/wp-content\/uploads\/2025\/11\/photo_2025-11-11_15-22-55.jpg 1280w\" sizes=\"auto, (max-width: 300px) 100vw, 300px\" \/> <img loading=\"lazy\" decoding=\"async\" class=\"alignnone size-medium wp-image-57599\" src=\"https:\/\/hablemosclarotdf.com.ar\/wp-content\/uploads\/2025\/11\/photo_2025-11-11_15-22-59-300x200.jpg\" alt=\"\" width=\"300\" height=\"200\" srcset=\"https:\/\/hablemosclarotdf.com.ar\/wp-content\/uploads\/2025\/11\/photo_2025-11-11_15-22-59-300x200.jpg 300w, https:\/\/hablemosclarotdf.com.ar\/wp-content\/uploads\/2025\/11\/photo_2025-11-11_15-22-59-1024x683.jpg 1024w, https:\/\/hablemosclarotdf.com.ar\/wp-content\/uploads\/2025\/11\/photo_2025-11-11_15-22-59-768x512.jpg 768w, https:\/\/hablemosclarotdf.com.ar\/wp-content\/uploads\/2025\/11\/photo_2025-11-11_15-22-59.jpg 1280w\" sizes=\"auto, (max-width: 300px) 100vw, 300px\" \/> <img loading=\"lazy\" decoding=\"async\" class=\"alignnone size-medium wp-image-57600\" src=\"https:\/\/hablemosclarotdf.com.ar\/wp-content\/uploads\/2025\/11\/photo_2025-11-11_15-23-04-300x200.jpg\" alt=\"\" width=\"300\" height=\"200\" srcset=\"https:\/\/hablemosclarotdf.com.ar\/wp-content\/uploads\/2025\/11\/photo_2025-11-11_15-23-04-300x200.jpg 300w, https:\/\/hablemosclarotdf.com.ar\/wp-content\/uploads\/2025\/11\/photo_2025-11-11_15-23-04-1024x682.jpg 1024w, https:\/\/hablemosclarotdf.com.ar\/wp-content\/uploads\/2025\/11\/photo_2025-11-11_15-23-04-768x512.jpg 768w, https:\/\/hablemosclarotdf.com.ar\/wp-content\/uploads\/2025\/11\/photo_2025-11-11_15-23-04.jpg 1280w\" sizes=\"auto, (max-width: 300px) 100vw, 300px\" \/><\/p>\n","protected":false},"excerpt":{"rendered":"<p>El encuentro de producci\u00f3n m\u00e1s importante de la Patagonia Austral, organizado por la Secretar\u00eda de&#8230;<\/p>\n","protected":false},"author":1,"featured_media":57597,"comment_status":"closed","ping_status":"closed","sticky":false,"template":"","format":"standard","meta":{"footnotes":""},"categories":[3],"tags":[],"class_list":["post-57596","post","type-post","status-publish","format-standard","has-post-thumbnail","hentry","category-noticias"],"jetpack_featured_media_url":"https:\/\/hablemosclarotdf.com.ar\/wp-content\/uploads\/2025\/11\/photo_2025-11-11_15-22-48.jpg","_links":{"self":[{"href":"https:\/\/hablemosclarotdf.com.ar\/index.php?rest_route=\/wp\/v2\/posts\/57596","targetHints":{"allow":["GET"]}}],"collection":[{"href":"https:\/\/hablemosclarotdf.com.ar\/index.php?rest_route=\/wp\/v2\/posts"}],"about":[{"href":"https:\/\/hablemosclarotdf.com.ar\/index.php?rest_route=\/wp\/v2\/types\/post"}],"author":[{"embeddable":true,"href":"https:\/\/hablemosclarotdf.com.ar\/index.php?rest_route=\/wp\/v2\/users\/1"}],"replies":[{"embeddable":true,"href":"https:\/\/hablemosclarotdf.com.ar\/index.php?rest_route=%2Fwp%2Fv2%2Fcomments&post=57596"}],"version-history":[{"count":1,"href":"https:\/\/hablemosclarotdf.com.ar\/index.php?rest_route=\/wp\/v2\/posts\/57596\/revisions"}],"predecessor-version":[{"id":57601,"href":"https:\/\/hablemosclarotdf.com.ar\/index.php?rest_route=\/wp\/v2\/posts\/57596\/revisions\/57601"}],"wp:featuredmedia":[{"embeddable":true,"href":"https:\/\/hablemosclarotdf.com.ar\/index.php?rest_route=\/wp\/v2\/media\/57597"}],"wp:attachment":[{"href":"https:\/\/hablemosclarotdf.com.ar\/index.php?rest_route=%2Fwp%2Fv2%2Fmedia&parent=57596"}],"wp:term":[{"taxonomy":"category","embeddable":true,"href":"https:\/\/hablemosclarotdf.com.ar\/index.php?rest_route=%2Fwp%2Fv2%2Fcategories&post=57596"},{"taxonomy":"post_tag","embeddable":true,"href":"https:\/\/hablemosclarotdf.com.ar\/index.php?rest_route=%2Fwp%2Fv2%2Ftags&post=57596"}],"curies":[{"name":"wp","href":"https:\/\/api.w.org\/{rel}","templated":true}]}}