{"id":57508,"date":"2025-11-10T20:40:47","date_gmt":"2025-11-10T23:40:47","guid":{"rendered":"https:\/\/hablemosclarotdf.com.ar\/?p=57508"},"modified":"2025-11-10T20:40:47","modified_gmt":"2025-11-10T23:40:47","slug":"el-acuerdo-con-ypf-es-un-paso-fundamental-para-la-soberania-energetica-y-el-desarrollo-provincial","status":"publish","type":"post","link":"https:\/\/hablemosclarotdf.com.ar\/?p=57508","title":{"rendered":"\u201cEL ACUERDO CON YPF ES UN PASO FUNDAMENTAL PARA LA SOBERAN\u00cdA ENERG\u00c9TICA Y EL DESARROLLO PROVINCIAL\u201d"},"content":{"rendered":"<p>As\u00ed lo consider\u00f3 el Gobernador Gustavo Melella durante la firma del acuerdo definitivo con YPF para la cesi\u00f3n oficial de las \u00e1reas de explotaci\u00f3n hidrocarbur\u00edfera en el territorio provincial. Destac\u00f3 que \u201cpermitir\u00e1 garantizar la sostenibilidad productiva\u201d.<\/p>\n<p>El Mandatario provincial se refiri\u00f3 a la trascendencia de este acuerdo, calific\u00e1ndolo como \u201chist\u00f3rico\u201d para el futuro energ\u00e9tico de Tierra del Fuego. Realiz\u00f3 un sentido reconocimiento al rol de YPF en la construcci\u00f3n de la provincia: \u201cYPF hizo el pa\u00eds a lo largo y ancho. Hoy recorr\u00e9s ciertos lugares de R\u00edo Grande -ejemplific\u00f3- y ten\u00e9s el barrio YPF, son lugares ic\u00f3nicos del desarrollo de nuestra provincia. YPF ha hecho mucho por el crecimiento de Tierra del Fuego, ha hecho soberan\u00eda\u201d, afirm\u00f3.<\/p>\n<p>Asimismo, el Gobernador se\u00f1al\u00f3 que si bien la decisi\u00f3n de YPF de ceder las \u00e1reas puede ser vista como \u201cdolorosa\u201d, tambi\u00e9n representa una oportunidad para la provincia y el pa\u00eds. \u201cLo que significaba Vaca Muerta para la Argentina en el pasado, en el presente y lo que va a ser el futuro, es sumamente importante\u201d, explic\u00f3, agradeciendo la buena disposici\u00f3n de la empresa para sentarse a negociar y evitar un escenario cr\u00edtico para la provincia.<\/p>\n<p>A su vez, Melella calific\u00f3 a Terra Ignis Energ\u00eda como \u201cuna apuesta muy grande\u201d del Estado provincial. Reconociendo experiencias pasadas no positivas, Melella enfatiz\u00f3 la necesidad de mirar hacia adelante: \u201cNo se puede vivir atado al pasado y vivir llorando por lo que sucedi\u00f3. Entonces hay que apostar a lo nuevo\u201d.<\/p>\n<p>Destac\u00f3 el trabajo del equipo directivo de la empresa provincial, de la Secretar\u00eda de Hidrocarburos y agradeci\u00f3 el acompa\u00f1amiento de los legisladores provinciales, anticipando la pr\u00f3xima etapa de discusi\u00f3n legislativa para consolidar el proceso.<\/p>\n<p>Uno de los puntos m\u00e1s enfatizados por el Gobernador fue el agradecimiento a los trabajadores y trabajadoras del sector.<\/p>\n<p>Melella remarc\u00f3 la importancia estrat\u00e9gica de los hidrocarburos para el crecimiento de la zona norte de la provincia y para el plan de ampliaci\u00f3n de la matriz productiva fueguina. Se\u00f1al\u00f3 que ya existen varias empresas interesadas en asociarse con Terra Ignis, lo que demuestra el potencial de las \u00e1reas.<\/p>\n<p>Finalmente, el Gobernador reflexion\u00f3 sobre el nuevo desaf\u00edo que implica asumir la gesti\u00f3n directa: \u201cViene una etapa nueva, no menor, importante y dir\u00eda mucho m\u00e1s importante en t\u00e9rminos de pol\u00edtica, tambi\u00e9n de gesti\u00f3n propia. Ya no vamos a tener la posibilidad de echarle la culpa a otro, sino que vamos a ser responsables nosotros mismos\u201d.<\/p>\n<p>Con este acuerdo, Tierra del Fuego inicia un camino hacia la autogesti\u00f3n de sus recursos energ\u00e9ticos, sentando las bases para un desarrollo sostenible y con soberan\u00eda.<\/p>\n<p><img loading=\"lazy\" decoding=\"async\" class=\"alignnone size-medium wp-image-57510\" src=\"https:\/\/hablemosclarotdf.com.ar\/wp-content\/uploads\/2025\/11\/photo_2025-11-10_20-39-20-300x200.jpg\" alt=\"\" width=\"300\" height=\"200\" srcset=\"https:\/\/hablemosclarotdf.com.ar\/wp-content\/uploads\/2025\/11\/photo_2025-11-10_20-39-20-300x200.jpg 300w, https:\/\/hablemosclarotdf.com.ar\/wp-content\/uploads\/2025\/11\/photo_2025-11-10_20-39-20-1024x682.jpg 1024w, https:\/\/hablemosclarotdf.com.ar\/wp-content\/uploads\/2025\/11\/photo_2025-11-10_20-39-20-768x512.jpg 768w, https:\/\/hablemosclarotdf.com.ar\/wp-content\/uploads\/2025\/11\/photo_2025-11-10_20-39-20.jpg 1280w\" sizes=\"auto, (max-width: 300px) 100vw, 300px\" \/> <img loading=\"lazy\" decoding=\"async\" class=\"alignnone size-medium wp-image-57511\" src=\"https:\/\/hablemosclarotdf.com.ar\/wp-content\/uploads\/2025\/11\/photo_2025-11-10_20-39-27-300x200.jpg\" alt=\"\" width=\"300\" height=\"200\" srcset=\"https:\/\/hablemosclarotdf.com.ar\/wp-content\/uploads\/2025\/11\/photo_2025-11-10_20-39-27-300x200.jpg 300w, https:\/\/hablemosclarotdf.com.ar\/wp-content\/uploads\/2025\/11\/photo_2025-11-10_20-39-27-1024x682.jpg 1024w, https:\/\/hablemosclarotdf.com.ar\/wp-content\/uploads\/2025\/11\/photo_2025-11-10_20-39-27-768x512.jpg 768w, https:\/\/hablemosclarotdf.com.ar\/wp-content\/uploads\/2025\/11\/photo_2025-11-10_20-39-27.jpg 1280w\" sizes=\"auto, (max-width: 300px) 100vw, 300px\" \/> <img loading=\"lazy\" decoding=\"async\" class=\"alignnone size-medium wp-image-57512\" src=\"https:\/\/hablemosclarotdf.com.ar\/wp-content\/uploads\/2025\/11\/photo_2025-11-10_20-39-31-300x200.jpg\" alt=\"\" width=\"300\" height=\"200\" srcset=\"https:\/\/hablemosclarotdf.com.ar\/wp-content\/uploads\/2025\/11\/photo_2025-11-10_20-39-31-300x200.jpg 300w, https:\/\/hablemosclarotdf.com.ar\/wp-content\/uploads\/2025\/11\/photo_2025-11-10_20-39-31-1024x682.jpg 1024w, https:\/\/hablemosclarotdf.com.ar\/wp-content\/uploads\/2025\/11\/photo_2025-11-10_20-39-31-768x512.jpg 768w, https:\/\/hablemosclarotdf.com.ar\/wp-content\/uploads\/2025\/11\/photo_2025-11-10_20-39-31.jpg 1280w\" sizes=\"auto, (max-width: 300px) 100vw, 300px\" \/><\/p>\n","protected":false},"excerpt":{"rendered":"<p>As\u00ed lo consider\u00f3 el Gobernador Gustavo Melella durante la firma del acuerdo definitivo con YPF&#8230;<\/p>\n","protected":false},"author":1,"featured_media":57509,"comment_status":"closed","ping_status":"closed","sticky":false,"template":"","format":"standard","meta":{"footnotes":""},"categories":[3],"tags":[],"class_list":["post-57508","post","type-post","status-publish","format-standard","has-post-thumbnail","hentry","category-noticias"],"jetpack_featured_media_url":"https:\/\/hablemosclarotdf.com.ar\/wp-content\/uploads\/2025\/11\/photo_2025-11-10_20-39-15.jpg","_links":{"self":[{"href":"https:\/\/hablemosclarotdf.com.ar\/index.php?rest_route=\/wp\/v2\/posts\/57508","targetHints":{"allow":["GET"]}}],"collection":[{"href":"https:\/\/hablemosclarotdf.com.ar\/index.php?rest_route=\/wp\/v2\/posts"}],"about":[{"href":"https:\/\/hablemosclarotdf.com.ar\/index.php?rest_route=\/wp\/v2\/types\/post"}],"author":[{"embeddable":true,"href":"https:\/\/hablemosclarotdf.com.ar\/index.php?rest_route=\/wp\/v2\/users\/1"}],"replies":[{"embeddable":true,"href":"https:\/\/hablemosclarotdf.com.ar\/index.php?rest_route=%2Fwp%2Fv2%2Fcomments&post=57508"}],"version-history":[{"count":1,"href":"https:\/\/hablemosclarotdf.com.ar\/index.php?rest_route=\/wp\/v2\/posts\/57508\/revisions"}],"predecessor-version":[{"id":57513,"href":"https:\/\/hablemosclarotdf.com.ar\/index.php?rest_route=\/wp\/v2\/posts\/57508\/revisions\/57513"}],"wp:featuredmedia":[{"embeddable":true,"href":"https:\/\/hablemosclarotdf.com.ar\/index.php?rest_route=\/wp\/v2\/media\/57509"}],"wp:attachment":[{"href":"https:\/\/hablemosclarotdf.com.ar\/index.php?rest_route=%2Fwp%2Fv2%2Fmedia&parent=57508"}],"wp:term":[{"taxonomy":"category","embeddable":true,"href":"https:\/\/hablemosclarotdf.com.ar\/index.php?rest_route=%2Fwp%2Fv2%2Fcategories&post=57508"},{"taxonomy":"post_tag","embeddable":true,"href":"https:\/\/hablemosclarotdf.com.ar\/index.php?rest_route=%2Fwp%2Fv2%2Ftags&post=57508"}],"curies":[{"name":"wp","href":"https:\/\/api.w.org\/{rel}","templated":true}]}}