{"id":57476,"date":"2025-11-10T17:04:05","date_gmt":"2025-11-10T20:04:05","guid":{"rendered":"https:\/\/hablemosclarotdf.com.ar\/?p=57476"},"modified":"2025-11-10T17:04:05","modified_gmt":"2025-11-10T20:04:05","slug":"rio-grande-el-municipio-impulsa-propuestas-por-el-dia-internacional-contra-la-violencia-hacia-las-mujeres","status":"publish","type":"post","link":"https:\/\/hablemosclarotdf.com.ar\/?p=57476","title":{"rendered":"RIO GRANDE : EL MUNICIPIO IMPULSA PROPUESTAS POR EL D\u00cdA INTERNACIONAL CONTRA LA VIOLENCIA HACIA LAS MUJERES"},"content":{"rendered":"<p>En el marco del D\u00eda Internacional por la Eliminaci\u00f3n de la Violencia contra las Mujeres, el Municipio de R\u00edo Grande, a trav\u00e9s de la Secretar\u00eda de G\u00e9nero y Desarrollo Comunitario, llevar\u00e1 adelante diversas actividades a lo largo del mes, con el prop\u00f3sito de promover la reflexi\u00f3n y la construcci\u00f3n de espacios libres de violencia en la comunidad.<\/p>\n<p>Con el objetivo de reivindicar la importancia de generar conciencia sobre la violencia de g\u00e9nero y promover acciones para su erradicaci\u00f3n, el Municipio impulsa una serie de propuestas participativas en distintos puntos de la ciudad.<\/p>\n<p>Entre ellas, se desarrollar\u00e1 la charla-taller denominada \u201cMemorias que hablan, acciones que transforman\u201d, orientada a abordar la dimensi\u00f3n hist\u00f3rica del 25 de noviembre \u2014fecha que conmemora a las hermanas Mirabal, de Rep\u00fablica Dominicana\u2014 y reflexionar sobre c\u00f3mo las acciones colectivas, tanto hist\u00f3ricas como actuales, contribuyen a lograr transformaciones profundas en pos de una vida libre de violencias.<\/p>\n<p>Esta actividad se replicar\u00e1 en diversos espacios comunitarios de la ciudad: el 14 de noviembre a las 10 horas en la Asociaci\u00f3n A.P.A. (Cirilo Thomas 628); el 19 de noviembre a las 14 horas en el CCM del Barrio CGT (Victoria Ocampo 1066); y el 26 de noviembre a las 14 horas en el CCM del Barrio Las Aves (Halc\u00f3n Peregrino 2547).<\/p>\n<p>La agenda de propuestas finalizar\u00e1 el viernes 21 de noviembre con la tradicional Bicicleteada, organizada junto a la agrupaci\u00f3n \u201cCiclismo de Chicas R\u00edo Grande\u201d. La actividad iniciar\u00e1 en el Centro Integral de la Mujer a las 10 horas, donde tambi\u00e9n se brindar\u00e1 un espacio de reflexi\u00f3n en conmemoraci\u00f3n de esta importante fecha.<\/p>\n<p>El Municipio de R\u00edo Grande contin\u00faa reafirmando su compromiso con la construcci\u00f3n de una sociedad m\u00e1s justa, equitativa y libre de violencias.<\/p>\n","protected":false},"excerpt":{"rendered":"<p>En el marco del D\u00eda Internacional por la Eliminaci\u00f3n de la Violencia contra las Mujeres,&#8230;<\/p>\n","protected":false},"author":1,"featured_media":57477,"comment_status":"closed","ping_status":"closed","sticky":false,"template":"","format":"standard","meta":{"footnotes":""},"categories":[3],"tags":[],"class_list":["post-57476","post","type-post","status-publish","format-standard","has-post-thumbnail","hentry","category-noticias"],"jetpack_featured_media_url":"https:\/\/hablemosclarotdf.com.ar\/wp-content\/uploads\/2025\/11\/photo_2025-11-10_17-03-28.jpg","_links":{"self":[{"href":"https:\/\/hablemosclarotdf.com.ar\/index.php?rest_route=\/wp\/v2\/posts\/57476","targetHints":{"allow":["GET"]}}],"collection":[{"href":"https:\/\/hablemosclarotdf.com.ar\/index.php?rest_route=\/wp\/v2\/posts"}],"about":[{"href":"https:\/\/hablemosclarotdf.com.ar\/index.php?rest_route=\/wp\/v2\/types\/post"}],"author":[{"embeddable":true,"href":"https:\/\/hablemosclarotdf.com.ar\/index.php?rest_route=\/wp\/v2\/users\/1"}],"replies":[{"embeddable":true,"href":"https:\/\/hablemosclarotdf.com.ar\/index.php?rest_route=%2Fwp%2Fv2%2Fcomments&post=57476"}],"version-history":[{"count":1,"href":"https:\/\/hablemosclarotdf.com.ar\/index.php?rest_route=\/wp\/v2\/posts\/57476\/revisions"}],"predecessor-version":[{"id":57478,"href":"https:\/\/hablemosclarotdf.com.ar\/index.php?rest_route=\/wp\/v2\/posts\/57476\/revisions\/57478"}],"wp:featuredmedia":[{"embeddable":true,"href":"https:\/\/hablemosclarotdf.com.ar\/index.php?rest_route=\/wp\/v2\/media\/57477"}],"wp:attachment":[{"href":"https:\/\/hablemosclarotdf.com.ar\/index.php?rest_route=%2Fwp%2Fv2%2Fmedia&parent=57476"}],"wp:term":[{"taxonomy":"category","embeddable":true,"href":"https:\/\/hablemosclarotdf.com.ar\/index.php?rest_route=%2Fwp%2Fv2%2Fcategories&post=57476"},{"taxonomy":"post_tag","embeddable":true,"href":"https:\/\/hablemosclarotdf.com.ar\/index.php?rest_route=%2Fwp%2Fv2%2Ftags&post=57476"}],"curies":[{"name":"wp","href":"https:\/\/api.w.org\/{rel}","templated":true}]}}