{"id":57408,"date":"2025-11-10T13:54:43","date_gmt":"2025-11-10T16:54:43","guid":{"rendered":"https:\/\/hablemosclarotdf.com.ar\/?p=57408"},"modified":"2025-11-10T13:54:43","modified_gmt":"2025-11-10T16:54:43","slug":"rio-grande-se-llevara-adelante-el-conversatorio-construyendo-mi-proyecto-lejos-de-casa-que-me-trajo-a-la-plata","status":"publish","type":"post","link":"https:\/\/hablemosclarotdf.com.ar\/?p=57408","title":{"rendered":"RIO GRANDE : SE LLEVAR\u00c1 ADELANTE EL CONVERSATORIO \u201cCONSTRUYENDO MI PROYECTO LEJOS DE CASA: \u00bfQU\u00c9 ME TRAJO A LA PLATA?\u201d"},"content":{"rendered":"<p>Ser\u00e1 el pr\u00f3ximo mi\u00e9rcoles 12 de noviembre a las 16 horas, en la Casa de J\u00f3venes Fueguinos \u201cRodrigo Bolivar\u201d, en la ciudad de La Plata. Esta jornada se suma a las diversas acciones que lleva adelante el Municipio de R\u00edo Grande para brindar acompa\u00f1amiento integral y generar espacios de contenci\u00f3n y encuentro para quienes construyen su futuro lejos de su hogar.<\/p>\n<p>La actividad estar\u00e1 a cargo de Lucila Gerez, una riograndense que recientemente se recibi\u00f3 como licenciada en Psicolog\u00eda, quien ser\u00e1 acompa\u00f1ada por la doctora Milone y la licenciada Hojman Conte. El objetivo del encuentro es generar un espacio de intercambio y escucha para reflexionar sobre la experiencia de vivir y estudiar en la Plata, la importancia de construir v\u00ednculos y los desaf\u00edos que genera la vida universitaria.<\/p>\n<p>El conversatorio se realizar\u00e1 el pr\u00f3ximo mi\u00e9rcoles 12 de noviembre a las 16 horas en Casa de J\u00f3venes Fueguinos \u201cRodrigo Bolivar\u201d de la ciudad de La Plata, ubicada en la Calle 54 N\u00ba 394, entre las calles 2 y 3. No se requiere inscripci\u00f3n previa.<\/p>\n<p>Es de mencionar que esta propuesta es impulsada por Lucila, quien a largo de su carrera transit\u00f3 la Casa de J\u00f3venes en La Plata y junto al \u00e1rea de salud, diagramaron el espacio. De esta manera, la Casa acompa\u00f1a los proyectos de las y los estudiantes, promoviendo su desarrollo profesional y brinda contenci\u00f3n a quienes cursan sus estudios superiores fuera de la provincia.<\/p>\n<p>La gesti\u00f3n del intendente Mart\u00edn Perez reafirma su compromiso con las juventudes fueguinas que se forman en ciudades claves del pa\u00eds, garantizando que estudiar lejos de casa tambi\u00e9n pueda hacerse con cuidado, contenci\u00f3n y en comunidad.<\/p>\n","protected":false},"excerpt":{"rendered":"<p>Ser\u00e1 el pr\u00f3ximo mi\u00e9rcoles 12 de noviembre a las 16 horas, en la Casa de&#8230;<\/p>\n","protected":false},"author":1,"featured_media":57409,"comment_status":"closed","ping_status":"closed","sticky":false,"template":"","format":"standard","meta":{"footnotes":""},"categories":[3],"tags":[],"class_list":["post-57408","post","type-post","status-publish","format-standard","has-post-thumbnail","hentry","category-noticias"],"jetpack_featured_media_url":"https:\/\/hablemosclarotdf.com.ar\/wp-content\/uploads\/2025\/11\/photo_2025-11-10_13-54-07.jpg","_links":{"self":[{"href":"https:\/\/hablemosclarotdf.com.ar\/index.php?rest_route=\/wp\/v2\/posts\/57408","targetHints":{"allow":["GET"]}}],"collection":[{"href":"https:\/\/hablemosclarotdf.com.ar\/index.php?rest_route=\/wp\/v2\/posts"}],"about":[{"href":"https:\/\/hablemosclarotdf.com.ar\/index.php?rest_route=\/wp\/v2\/types\/post"}],"author":[{"embeddable":true,"href":"https:\/\/hablemosclarotdf.com.ar\/index.php?rest_route=\/wp\/v2\/users\/1"}],"replies":[{"embeddable":true,"href":"https:\/\/hablemosclarotdf.com.ar\/index.php?rest_route=%2Fwp%2Fv2%2Fcomments&post=57408"}],"version-history":[{"count":1,"href":"https:\/\/hablemosclarotdf.com.ar\/index.php?rest_route=\/wp\/v2\/posts\/57408\/revisions"}],"predecessor-version":[{"id":57410,"href":"https:\/\/hablemosclarotdf.com.ar\/index.php?rest_route=\/wp\/v2\/posts\/57408\/revisions\/57410"}],"wp:featuredmedia":[{"embeddable":true,"href":"https:\/\/hablemosclarotdf.com.ar\/index.php?rest_route=\/wp\/v2\/media\/57409"}],"wp:attachment":[{"href":"https:\/\/hablemosclarotdf.com.ar\/index.php?rest_route=%2Fwp%2Fv2%2Fmedia&parent=57408"}],"wp:term":[{"taxonomy":"category","embeddable":true,"href":"https:\/\/hablemosclarotdf.com.ar\/index.php?rest_route=%2Fwp%2Fv2%2Fcategories&post=57408"},{"taxonomy":"post_tag","embeddable":true,"href":"https:\/\/hablemosclarotdf.com.ar\/index.php?rest_route=%2Fwp%2Fv2%2Ftags&post=57408"}],"curies":[{"name":"wp","href":"https:\/\/api.w.org\/{rel}","templated":true}]}}