{"id":57377,"date":"2025-11-10T11:49:31","date_gmt":"2025-11-10T14:49:31","guid":{"rendered":"https:\/\/hablemosclarotdf.com.ar\/?p=57377"},"modified":"2025-11-10T11:49:31","modified_gmt":"2025-11-10T14:49:31","slug":"continua-abierta-la-inscripcion-para-las-practicas-pre-profesionales","status":"publish","type":"post","link":"https:\/\/hablemosclarotdf.com.ar\/?p=57377","title":{"rendered":"CONTIN\u00daA ABIERTA LA INSCRIPCI\u00d3N PARA LAS PR\u00c1CTICAS PRE PROFESIONALES"},"content":{"rendered":"<p>La Casa de Tierra del Fuego, en conjunto con la Secretar\u00eda de Empleo y Formaci\u00f3n Laboral, informa que contin\u00faa abierta la inscripci\u00f3n para participar de la cuarta edici\u00f3n de las Pr\u00e1cticas Pre Profesionales, una propuesta destinada a estudiantes fueguinos que cursan carreras de nivel superior fuera de la provincia.<\/p>\n<p>La iniciativa se desarrollar\u00e1 durante enero y febrero de 2026 en dependencias gubernamentales de Ushuaia, Tolhuin y R\u00edo Grande, con la participaci\u00f3n de distintas \u00e1reas del Gobierno Provincial \u2014entre ellas Educaci\u00f3n, Producci\u00f3n y Ambiente, y Salud\u2014.<\/p>\n<p>Con una duraci\u00f3n total de 36 horas, distribuidas en tres o cuatro semanas, las Pr\u00e1cticas Pre Profesionales buscan fortalecer y complementar la formaci\u00f3n acad\u00e9mica de los participantes, acerc\u00e1ndolos a entornos de trabajo donde puedan aplicar sus conocimientos, adquirir nuevas experiencias y proyectar su futura inserci\u00f3n profesional.<\/p>\n<p>Los requisitos para postularse son: ser mayor de 18 a\u00f1os, tener domicilio legal en Tierra del Fuego, cursar estudios superiores en instituciones radicadas fuera de la provincia y contar con al menos el 60% de la carrera aprobada.<\/p>\n<p>Las inscripciones estar\u00e1n abiertas hasta el 15 de noviembre. Quienes deseen participar pueden completar el formulario de preinscripci\u00f3n:<br \/>\nhttps:\/\/forms.gle\/HFNBRD9isVyuFKeb6<\/p>\n<p>Tambi\u00e9n pueden comunicarse a trav\u00e9s del correo estudiantesfueguinos@gmail.com donde recibir\u00e1n asesoramiento sobre el proceso de inscripci\u00f3n.<\/p>\n","protected":false},"excerpt":{"rendered":"<p>La Casa de Tierra del Fuego, en conjunto con la Secretar\u00eda de Empleo y Formaci\u00f3n&#8230;<\/p>\n","protected":false},"author":1,"featured_media":57378,"comment_status":"closed","ping_status":"closed","sticky":false,"template":"","format":"standard","meta":{"footnotes":""},"categories":[3],"tags":[],"class_list":["post-57377","post","type-post","status-publish","format-standard","has-post-thumbnail","hentry","category-noticias"],"jetpack_featured_media_url":"https:\/\/hablemosclarotdf.com.ar\/wp-content\/uploads\/2025\/11\/photo_2025-11-10_11-49-03.jpg","_links":{"self":[{"href":"https:\/\/hablemosclarotdf.com.ar\/index.php?rest_route=\/wp\/v2\/posts\/57377","targetHints":{"allow":["GET"]}}],"collection":[{"href":"https:\/\/hablemosclarotdf.com.ar\/index.php?rest_route=\/wp\/v2\/posts"}],"about":[{"href":"https:\/\/hablemosclarotdf.com.ar\/index.php?rest_route=\/wp\/v2\/types\/post"}],"author":[{"embeddable":true,"href":"https:\/\/hablemosclarotdf.com.ar\/index.php?rest_route=\/wp\/v2\/users\/1"}],"replies":[{"embeddable":true,"href":"https:\/\/hablemosclarotdf.com.ar\/index.php?rest_route=%2Fwp%2Fv2%2Fcomments&post=57377"}],"version-history":[{"count":1,"href":"https:\/\/hablemosclarotdf.com.ar\/index.php?rest_route=\/wp\/v2\/posts\/57377\/revisions"}],"predecessor-version":[{"id":57379,"href":"https:\/\/hablemosclarotdf.com.ar\/index.php?rest_route=\/wp\/v2\/posts\/57377\/revisions\/57379"}],"wp:featuredmedia":[{"embeddable":true,"href":"https:\/\/hablemosclarotdf.com.ar\/index.php?rest_route=\/wp\/v2\/media\/57378"}],"wp:attachment":[{"href":"https:\/\/hablemosclarotdf.com.ar\/index.php?rest_route=%2Fwp%2Fv2%2Fmedia&parent=57377"}],"wp:term":[{"taxonomy":"category","embeddable":true,"href":"https:\/\/hablemosclarotdf.com.ar\/index.php?rest_route=%2Fwp%2Fv2%2Fcategories&post=57377"},{"taxonomy":"post_tag","embeddable":true,"href":"https:\/\/hablemosclarotdf.com.ar\/index.php?rest_route=%2Fwp%2Fv2%2Ftags&post=57377"}],"curies":[{"name":"wp","href":"https:\/\/api.w.org\/{rel}","templated":true}]}}