{"id":57311,"date":"2025-11-09T20:51:29","date_gmt":"2025-11-09T23:51:29","guid":{"rendered":"https:\/\/hablemosclarotdf.com.ar\/?p=57311"},"modified":"2025-11-09T20:51:29","modified_gmt":"2025-11-09T23:51:29","slug":"ushuaia-la-comunidad-dijo-presente-en-la-corre-caminata-de-luccau","status":"publish","type":"post","link":"https:\/\/hablemosclarotdf.com.ar\/?p=57311","title":{"rendered":"USHUAIA :  LA COMUNIDAD  DIJO PRESENTE EN LA CORRE CAMINATA DE LUCCAU"},"content":{"rendered":"<p>Este domingo se realiz\u00f3 la Corre Caminata organizada por Lucha contra el C\u00e1ncer Ushuaia (LUCCAU), que tuvo como objetivo concientizar a la comunidad sobre el c\u00e1ncer de mama y la importancia de la prevenci\u00f3n.<br \/>\nLa segunda edici\u00f3n de esta iniciativa tuvo el apoyo de la Municipalidad de Ushuaia, del Gobierno provincial, de la Legislatura y de empresas del sector privado.<br \/>\nUna gran cantidad de vecinos y vecinas tomaron parte de la prueba atl\u00e9tica que se desarroll\u00f3 en tres distancias: 3 kil\u00f3metros (participativa), 5 y 10 kil\u00f3metros (ambas competitivas).<br \/>\nEl subsecretario de Gesti\u00f3n del Municipio, Guillermo Navarro, se\u00f1al\u00f3 que \u201cla organizaci\u00f3n fue impecable, participaron muchas familias y se vivi\u00f3 una verdadera fiesta\u201d, y destac\u00f3 que \u201cya en la meta hubo momentos de mucha emoci\u00f3n\u201d.<br \/>\nAdem\u00e1s, reconoci\u00f3 \u201ca la gente de LUCCAU por el trabajo que realiza cada d\u00eda\u201d y agradeci\u00f3 \u201ca los entes estatales y privados que colaboran en lo que es la concientizaci\u00f3n sobre esta enfermedad y sobre la importancia de la prevenci\u00f3n\u201d.<br \/>\nPor \u00faltimo, Navarro expres\u00f3 que \u201cesperamos que en la pr\u00f3xima edici\u00f3n se sumen m\u00e1s vecinos y vecinas, y que esta propuesta siga creciendo a\u00f1o tras a\u00f1o\u201d.<\/p>\n<p><img loading=\"lazy\" decoding=\"async\" class=\"alignnone size-medium wp-image-57313\" src=\"https:\/\/hablemosclarotdf.com.ar\/wp-content\/uploads\/2025\/11\/photo_2025-11-09_20-50-32-300x199.jpg\" alt=\"\" width=\"300\" height=\"199\" srcset=\"https:\/\/hablemosclarotdf.com.ar\/wp-content\/uploads\/2025\/11\/photo_2025-11-09_20-50-32-300x199.jpg 300w, https:\/\/hablemosclarotdf.com.ar\/wp-content\/uploads\/2025\/11\/photo_2025-11-09_20-50-32-1024x678.jpg 1024w, https:\/\/hablemosclarotdf.com.ar\/wp-content\/uploads\/2025\/11\/photo_2025-11-09_20-50-32-768x508.jpg 768w, https:\/\/hablemosclarotdf.com.ar\/wp-content\/uploads\/2025\/11\/photo_2025-11-09_20-50-32.jpg 1280w\" sizes=\"auto, (max-width: 300px) 100vw, 300px\" \/> <img loading=\"lazy\" decoding=\"async\" class=\"alignnone size-medium wp-image-57314\" src=\"https:\/\/hablemosclarotdf.com.ar\/wp-content\/uploads\/2025\/11\/photo_2025-11-09_20-50-38-300x199.jpg\" alt=\"\" width=\"300\" height=\"199\" srcset=\"https:\/\/hablemosclarotdf.com.ar\/wp-content\/uploads\/2025\/11\/photo_2025-11-09_20-50-38-300x199.jpg 300w, https:\/\/hablemosclarotdf.com.ar\/wp-content\/uploads\/2025\/11\/photo_2025-11-09_20-50-38-1024x678.jpg 1024w, https:\/\/hablemosclarotdf.com.ar\/wp-content\/uploads\/2025\/11\/photo_2025-11-09_20-50-38-768x508.jpg 768w, https:\/\/hablemosclarotdf.com.ar\/wp-content\/uploads\/2025\/11\/photo_2025-11-09_20-50-38.jpg 1280w\" sizes=\"auto, (max-width: 300px) 100vw, 300px\" \/><\/p>\n","protected":false},"excerpt":{"rendered":"<p>Este domingo se realiz\u00f3 la Corre Caminata organizada por Lucha contra el C\u00e1ncer Ushuaia (LUCCAU),&#8230;<\/p>\n","protected":false},"author":1,"featured_media":57312,"comment_status":"closed","ping_status":"closed","sticky":false,"template":"","format":"standard","meta":{"footnotes":""},"categories":[3],"tags":[],"class_list":["post-57311","post","type-post","status-publish","format-standard","has-post-thumbnail","hentry","category-noticias"],"jetpack_featured_media_url":"https:\/\/hablemosclarotdf.com.ar\/wp-content\/uploads\/2025\/11\/photo_2025-11-09_20-50-18.jpg","_links":{"self":[{"href":"https:\/\/hablemosclarotdf.com.ar\/index.php?rest_route=\/wp\/v2\/posts\/57311","targetHints":{"allow":["GET"]}}],"collection":[{"href":"https:\/\/hablemosclarotdf.com.ar\/index.php?rest_route=\/wp\/v2\/posts"}],"about":[{"href":"https:\/\/hablemosclarotdf.com.ar\/index.php?rest_route=\/wp\/v2\/types\/post"}],"author":[{"embeddable":true,"href":"https:\/\/hablemosclarotdf.com.ar\/index.php?rest_route=\/wp\/v2\/users\/1"}],"replies":[{"embeddable":true,"href":"https:\/\/hablemosclarotdf.com.ar\/index.php?rest_route=%2Fwp%2Fv2%2Fcomments&post=57311"}],"version-history":[{"count":1,"href":"https:\/\/hablemosclarotdf.com.ar\/index.php?rest_route=\/wp\/v2\/posts\/57311\/revisions"}],"predecessor-version":[{"id":57315,"href":"https:\/\/hablemosclarotdf.com.ar\/index.php?rest_route=\/wp\/v2\/posts\/57311\/revisions\/57315"}],"wp:featuredmedia":[{"embeddable":true,"href":"https:\/\/hablemosclarotdf.com.ar\/index.php?rest_route=\/wp\/v2\/media\/57312"}],"wp:attachment":[{"href":"https:\/\/hablemosclarotdf.com.ar\/index.php?rest_route=%2Fwp%2Fv2%2Fmedia&parent=57311"}],"wp:term":[{"taxonomy":"category","embeddable":true,"href":"https:\/\/hablemosclarotdf.com.ar\/index.php?rest_route=%2Fwp%2Fv2%2Fcategories&post=57311"},{"taxonomy":"post_tag","embeddable":true,"href":"https:\/\/hablemosclarotdf.com.ar\/index.php?rest_route=%2Fwp%2Fv2%2Ftags&post=57311"}],"curies":[{"name":"wp","href":"https:\/\/api.w.org\/{rel}","templated":true}]}}