{"id":57301,"date":"2025-11-09T18:32:52","date_gmt":"2025-11-09T21:32:52","guid":{"rendered":"https:\/\/hablemosclarotdf.com.ar\/?p=57301"},"modified":"2025-11-09T18:32:52","modified_gmt":"2025-11-09T21:32:52","slug":"gran-convocatoria-en-el-primer-simposio-cientifico-de-transicion-energetica-y-desarrollo-sostenible","status":"publish","type":"post","link":"https:\/\/hablemosclarotdf.com.ar\/?p=57301","title":{"rendered":"GRAN CONVOCATORIA EN EL PRIMER SIMPOSIO CIENT\u00cdFICO DE TRANSICI\u00d3N ENERG\u00c9TICA Y DESARROLLO SOSTENIBLE"},"content":{"rendered":"<p>La Agencia de Innovaci\u00f3n de Tierra del Fuego, a trav\u00e9s de la secretaria de Ciencia y Tecnolog\u00eda y el Instituto Fueguino de la Transici\u00f3n Energ\u00e9tica y el Hidr\u00f3geno, llev\u00f3 a cabo el primer simposio cient\u00edfico de transici\u00f3n energ\u00e9tica y desarrollo sostenible, que se desarroll\u00f3 en el Centro Cultural Yaganes de la ciudad de Rio Grande<\/p>\n<p>El evento, que reuni\u00f3 a estudiantes, profesionales, investigadores, referentes de las universidades nacionales, funcionarios de la provincia e interesados, trabaj\u00f3 sobre las oportunidades y desaf\u00edos de la transici\u00f3n energ\u00e9tica en la provincia.<\/p>\n<p>El simposio estuvo organizado en mesas tem\u00e1ticas que trataron los aspectos tecnol\u00f3gicos de la transici\u00f3n energ\u00e9tica y las implicancias socioambientales de la transici\u00f3n energ\u00e9tica. Adem\u00e1s, cont\u00f3 con la participaci\u00f3n de Ver\u00f3nica Robert, doctora en Econom\u00eda y mag\u00edster en Econom\u00eda y Desarrollo Industrial en una charla magistral.<\/p>\n<p>Al respecto, la presidenta de la Agencia de Innovaci\u00f3n Tierra del Fuego, Anal\u00eda Cubino, se\u00f1al\u00f3 que \u201cqueremos que estos espacios sean tambi\u00e9n un hito en todo el camino que viene haciendo la provincia\u201d, a la vez que agreg\u00f3: \u201cTal como lo dice nuestro gobernador Melella, en el medio de las coyunturas, de las dificultades energ\u00e9ticas con las que tambi\u00e9n se viven, hay que conocer los desaf\u00edos y proyectar nuestra provincia hacia adelante\u201d.<\/p>\n<p>\u201cLa idea es que pensemos en un desarrollo sostenible en el que dialoguen todos nuestros desaf\u00edos energ\u00e9ticos y productivos\u201d, dijo, y a\u00f1adi\u00f3 que \u201cdesde nuestro lugar, somos promotores de ese desarrollo que pensamos y queremos para seguir viviendo en Tierra del Fuego\u201d.<\/p>\n<p>Finalmente, sostuvo que \u201ceste simposio nos da la oportunidad de dialogar entre nosotros, en un espacio de coworking\u201d y agradeci\u00f3 \u201ca quienes se han postulado para tener ponencias y a quien dirige este instituto que hemos creado con parte de los presentes, y que son integrantes de ese desaf\u00edo del sistema cient\u00edfico\u201d.<\/p>\n<p>Por su parte, la secretaria de Ciencia y Tecnolog\u00eda, Elida Rechi, manifest\u00f3 que \u201clogramos una nutrida participaci\u00f3n multisectorial, destacando el rol protag\u00f3nico de los j\u00f3venes investigadores, lo que demostr\u00f3 el compromiso fueguino con la transici\u00f3n energ\u00e9tica, que es la base para avanzar hacia un verdadero desarrollo sostenible en nuestra provincia\u201d.<\/p>\n<p>Finalmente, el gerente del Instituto Fueguino de Transici\u00f3n Energ\u00e9tica y del Hidrogeno, Gonzalo Montiel, realiz\u00f3 un balance del encuentro y destac\u00f3 \u201clas presentaciones t\u00e9cnicas de estudiantes y de profesionales de las universidades UTN, UNTDF y el CADIC\u201d.<\/p>\n<p>\u201cAdem\u00e1s \u2013detall\u00f3-, tuvo lugar una presentaci\u00f3n del sector privado a cargo de la empresa DREYCON y, por la tarde, el foco estuvo en todas las cuestiones socioambientales y el desarrollo de las cadenas de valor en torno a los productos de energ\u00edas renovables y de hidr\u00f3geno\u201d.<\/p>\n<p>Por \u00faltimo, remarc\u00f3 que \u201cse dieron muy buenos intercambios de informaci\u00f3n\u201d y que \u201cesta es una experiencia enriquecedora que conecta a actores de la sociedad civil, de la academia, del sector privado y del p\u00fablico y esperamos repetirlo pr\u00f3ximamente\u201d.<\/p>\n<p><img loading=\"lazy\" decoding=\"async\" class=\"alignnone size-medium wp-image-57303\" src=\"https:\/\/hablemosclarotdf.com.ar\/wp-content\/uploads\/2025\/11\/photo_2025-11-09_18-30-48-300x192.jpg\" alt=\"\" width=\"300\" height=\"192\" srcset=\"https:\/\/hablemosclarotdf.com.ar\/wp-content\/uploads\/2025\/11\/photo_2025-11-09_18-30-48-300x192.jpg 300w, https:\/\/hablemosclarotdf.com.ar\/wp-content\/uploads\/2025\/11\/photo_2025-11-09_18-30-48-1024x656.jpg 1024w, https:\/\/hablemosclarotdf.com.ar\/wp-content\/uploads\/2025\/11\/photo_2025-11-09_18-30-48-768x492.jpg 768w, https:\/\/hablemosclarotdf.com.ar\/wp-content\/uploads\/2025\/11\/photo_2025-11-09_18-30-48-1115x715.jpg 1115w, https:\/\/hablemosclarotdf.com.ar\/wp-content\/uploads\/2025\/11\/photo_2025-11-09_18-30-48.jpg 1280w\" sizes=\"auto, (max-width: 300px) 100vw, 300px\" \/> <img loading=\"lazy\" decoding=\"async\" class=\"alignnone size-medium wp-image-57304\" src=\"https:\/\/hablemosclarotdf.com.ar\/wp-content\/uploads\/2025\/11\/photo_2025-11-09_18-30-57-300x199.jpg\" alt=\"\" width=\"300\" height=\"199\" srcset=\"https:\/\/hablemosclarotdf.com.ar\/wp-content\/uploads\/2025\/11\/photo_2025-11-09_18-30-57-300x199.jpg 300w, https:\/\/hablemosclarotdf.com.ar\/wp-content\/uploads\/2025\/11\/photo_2025-11-09_18-30-57-1024x681.jpg 1024w, https:\/\/hablemosclarotdf.com.ar\/wp-content\/uploads\/2025\/11\/photo_2025-11-09_18-30-57-768x511.jpg 768w, https:\/\/hablemosclarotdf.com.ar\/wp-content\/uploads\/2025\/11\/photo_2025-11-09_18-30-57.jpg 1280w\" sizes=\"auto, (max-width: 300px) 100vw, 300px\" \/> <img loading=\"lazy\" decoding=\"async\" class=\"alignnone size-medium wp-image-57305\" src=\"https:\/\/hablemosclarotdf.com.ar\/wp-content\/uploads\/2025\/11\/photo_2025-11-09_18-31-02-300x200.jpg\" alt=\"\" width=\"300\" height=\"200\" srcset=\"https:\/\/hablemosclarotdf.com.ar\/wp-content\/uploads\/2025\/11\/photo_2025-11-09_18-31-02-300x200.jpg 300w, https:\/\/hablemosclarotdf.com.ar\/wp-content\/uploads\/2025\/11\/photo_2025-11-09_18-31-02-1024x682.jpg 1024w, https:\/\/hablemosclarotdf.com.ar\/wp-content\/uploads\/2025\/11\/photo_2025-11-09_18-31-02-768x512.jpg 768w, https:\/\/hablemosclarotdf.com.ar\/wp-content\/uploads\/2025\/11\/photo_2025-11-09_18-31-02.jpg 1280w\" sizes=\"auto, (max-width: 300px) 100vw, 300px\" \/> <img loading=\"lazy\" decoding=\"async\" class=\"alignnone size-medium wp-image-57306\" src=\"https:\/\/hablemosclarotdf.com.ar\/wp-content\/uploads\/2025\/11\/photo_2025-11-09_18-31-06-300x200.jpg\" alt=\"\" width=\"300\" height=\"200\" srcset=\"https:\/\/hablemosclarotdf.com.ar\/wp-content\/uploads\/2025\/11\/photo_2025-11-09_18-31-06-300x200.jpg 300w, https:\/\/hablemosclarotdf.com.ar\/wp-content\/uploads\/2025\/11\/photo_2025-11-09_18-31-06-1024x682.jpg 1024w, https:\/\/hablemosclarotdf.com.ar\/wp-content\/uploads\/2025\/11\/photo_2025-11-09_18-31-06-768x512.jpg 768w, https:\/\/hablemosclarotdf.com.ar\/wp-content\/uploads\/2025\/11\/photo_2025-11-09_18-31-06.jpg 1280w\" sizes=\"auto, (max-width: 300px) 100vw, 300px\" \/> <img loading=\"lazy\" decoding=\"async\" class=\"alignnone size-medium wp-image-57307\" src=\"https:\/\/hablemosclarotdf.com.ar\/wp-content\/uploads\/2025\/11\/photo_2025-11-09_18-31-11-300x199.jpg\" alt=\"\" width=\"300\" height=\"199\" srcset=\"https:\/\/hablemosclarotdf.com.ar\/wp-content\/uploads\/2025\/11\/photo_2025-11-09_18-31-11-300x199.jpg 300w, https:\/\/hablemosclarotdf.com.ar\/wp-content\/uploads\/2025\/11\/photo_2025-11-09_18-31-11-1024x681.jpg 1024w, https:\/\/hablemosclarotdf.com.ar\/wp-content\/uploads\/2025\/11\/photo_2025-11-09_18-31-11-768x511.jpg 768w, https:\/\/hablemosclarotdf.com.ar\/wp-content\/uploads\/2025\/11\/photo_2025-11-09_18-31-11.jpg 1280w\" sizes=\"auto, (max-width: 300px) 100vw, 300px\" \/> <img loading=\"lazy\" decoding=\"async\" class=\"alignnone size-medium wp-image-57308\" src=\"https:\/\/hablemosclarotdf.com.ar\/wp-content\/uploads\/2025\/11\/photo_2025-11-09_18-31-21-300x200.jpg\" alt=\"\" width=\"300\" height=\"200\" srcset=\"https:\/\/hablemosclarotdf.com.ar\/wp-content\/uploads\/2025\/11\/photo_2025-11-09_18-31-21-300x200.jpg 300w, https:\/\/hablemosclarotdf.com.ar\/wp-content\/uploads\/2025\/11\/photo_2025-11-09_18-31-21-1024x682.jpg 1024w, https:\/\/hablemosclarotdf.com.ar\/wp-content\/uploads\/2025\/11\/photo_2025-11-09_18-31-21-768x511.jpg 768w, https:\/\/hablemosclarotdf.com.ar\/wp-content\/uploads\/2025\/11\/photo_2025-11-09_18-31-21.jpg 1280w\" sizes=\"auto, (max-width: 300px) 100vw, 300px\" \/> <img loading=\"lazy\" decoding=\"async\" class=\"alignnone size-medium wp-image-57309\" src=\"https:\/\/hablemosclarotdf.com.ar\/wp-content\/uploads\/2025\/11\/photo_2025-11-09_18-31-26-300x200.jpg\" alt=\"\" width=\"300\" height=\"200\" srcset=\"https:\/\/hablemosclarotdf.com.ar\/wp-content\/uploads\/2025\/11\/photo_2025-11-09_18-31-26-300x200.jpg 300w, https:\/\/hablemosclarotdf.com.ar\/wp-content\/uploads\/2025\/11\/photo_2025-11-09_18-31-26-1024x682.jpg 1024w, https:\/\/hablemosclarotdf.com.ar\/wp-content\/uploads\/2025\/11\/photo_2025-11-09_18-31-26-768x512.jpg 768w, https:\/\/hablemosclarotdf.com.ar\/wp-content\/uploads\/2025\/11\/photo_2025-11-09_18-31-26.jpg 1280w\" sizes=\"auto, (max-width: 300px) 100vw, 300px\" \/><\/p>\n","protected":false},"excerpt":{"rendered":"<p>La Agencia de Innovaci\u00f3n de Tierra del Fuego, a trav\u00e9s de la secretaria de Ciencia&#8230;<\/p>\n","protected":false},"author":1,"featured_media":57302,"comment_status":"closed","ping_status":"closed","sticky":false,"template":"","format":"standard","meta":{"footnotes":""},"categories":[3],"tags":[],"class_list":["post-57301","post","type-post","status-publish","format-standard","has-post-thumbnail","hentry","category-noticias"],"jetpack_featured_media_url":"https:\/\/hablemosclarotdf.com.ar\/wp-content\/uploads\/2025\/11\/photo_2025-11-09_18-30-41.jpg","_links":{"self":[{"href":"https:\/\/hablemosclarotdf.com.ar\/index.php?rest_route=\/wp\/v2\/posts\/57301","targetHints":{"allow":["GET"]}}],"collection":[{"href":"https:\/\/hablemosclarotdf.com.ar\/index.php?rest_route=\/wp\/v2\/posts"}],"about":[{"href":"https:\/\/hablemosclarotdf.com.ar\/index.php?rest_route=\/wp\/v2\/types\/post"}],"author":[{"embeddable":true,"href":"https:\/\/hablemosclarotdf.com.ar\/index.php?rest_route=\/wp\/v2\/users\/1"}],"replies":[{"embeddable":true,"href":"https:\/\/hablemosclarotdf.com.ar\/index.php?rest_route=%2Fwp%2Fv2%2Fcomments&post=57301"}],"version-history":[{"count":1,"href":"https:\/\/hablemosclarotdf.com.ar\/index.php?rest_route=\/wp\/v2\/posts\/57301\/revisions"}],"predecessor-version":[{"id":57310,"href":"https:\/\/hablemosclarotdf.com.ar\/index.php?rest_route=\/wp\/v2\/posts\/57301\/revisions\/57310"}],"wp:featuredmedia":[{"embeddable":true,"href":"https:\/\/hablemosclarotdf.com.ar\/index.php?rest_route=\/wp\/v2\/media\/57302"}],"wp:attachment":[{"href":"https:\/\/hablemosclarotdf.com.ar\/index.php?rest_route=%2Fwp%2Fv2%2Fmedia&parent=57301"}],"wp:term":[{"taxonomy":"category","embeddable":true,"href":"https:\/\/hablemosclarotdf.com.ar\/index.php?rest_route=%2Fwp%2Fv2%2Fcategories&post=57301"},{"taxonomy":"post_tag","embeddable":true,"href":"https:\/\/hablemosclarotdf.com.ar\/index.php?rest_route=%2Fwp%2Fv2%2Ftags&post=57301"}],"curies":[{"name":"wp","href":"https:\/\/api.w.org\/{rel}","templated":true}]}}