{"id":57297,"date":"2025-11-09T18:29:08","date_gmt":"2025-11-09T21:29:08","guid":{"rendered":"https:\/\/hablemosclarotdf.com.ar\/?p=57297"},"modified":"2025-11-09T18:29:08","modified_gmt":"2025-11-09T21:29:08","slug":"jornadas-academicas-a-10-anos-del-codigo-civil-y-comercial-la-evolucion-de-los-derechos-de-las-infancias-y-adolescencias","status":"publish","type":"post","link":"https:\/\/hablemosclarotdf.com.ar\/?p=57297","title":{"rendered":"JORNADAS ACAD\u00c9MICAS: \u201cA 10 A\u00d1OS DEL C\u00d3DIGO CIVIL Y COMERCIAL: LA EVOLUCI\u00d3N DE LOS DERECHOS DE LAS INFANCIAS Y ADOLESCENCIAS\u201d"},"content":{"rendered":"<p>Con el objetivo de analizar el desarrollo, la aplicaci\u00f3n y los desaf\u00edos pendientes en materia de derechos de las infancias y adolescencias, la Secretar\u00eda de Justicia de la Provincia y el Superior Tribunal de Justicia llevar\u00e1n a cabo los d\u00edas 2 y 3 de diciembre unas Jornadas Acad\u00e9micas de Derecho de las Familias.<\/p>\n<p>Este encuentro, que congregar\u00e1 a reconocidos acad\u00e9micos autores de las reformas del C\u00f3digo Civil y Comercial, as\u00ed como a operadores jur\u00eddicos dedicados a su aplicaci\u00f3n, se centrar\u00e1 en hacer un balance exhaustivo a una d\u00e9cada de la sanci\u00f3n de este cuerpo legal fundamental. El eje estar\u00e1 puesto en evaluar c\u00f3mo este cambio de paradigma ha impactado en nuestra sociedad, en los \u00e1mbitos acad\u00e9micos y en el quehacer jur\u00eddico cotidiano.<\/p>\n<p>Las disertaciones profundizar\u00e1n en temas cruciales como la evoluci\u00f3n de los derechos de Ni\u00f1os, Ni\u00f1as y Adolescentes (NNyA), las virtudes y falencias del sistema de protecci\u00f3n de derechos, y el camino que resta por recorrer para alcanzar la plenitud en el ejercicio de estos derechos.<\/p>\n<p>El Secretario de Justicia e Igualdad, Gonzalo Carrillo sostuvo que \u201cser\u00e1n unas jornadas de revisi\u00f3n de aplicaci\u00f3n del derecho de las familias en los diversos \u00e1mbitos sociales, vamos a reflexionar sobre lo hecho y qu\u00e9 nos falta hacer para alcanzar la plenitud del ejercicio de estos derechos, cu\u00e1les son las virtudes y falencias del sistema de protecci\u00f3n de derechos de NNyA\u201d.<\/p>\n<p>En el marco de las jornadas, se lanza una convocatoria abierta para la presentaci\u00f3n de escritos monogr\u00e1ficos relacionados con la tem\u00e1tica central: los 10 a\u00f1os del C\u00f3digo Civil y Comercial, los avances en la tutela efectiva de los derechos de NNyA y su acceso a la justicia.<\/p>\n<p>Los trabajos ser\u00e1n evaluados por el panel de disertantes, todos ellos figuras de prestigio en el \u00e1mbito del derecho de familias. El escrito ganador tendr\u00e1 la oportunidad de ser publicado en una editorial jur\u00eddica de renombre, mientras que los dem\u00e1s trabajos seleccionados ser\u00e1n publicados en la revista JuFeJus, con el fin de fomentar la producci\u00f3n doctrinaria y la reflexi\u00f3n cr\u00edtica.<\/p>\n<p>Las jornadas est\u00e1n dirigidas principalmente a abogados\/as en ejercicio independiente, integrantes del Poder Judicial, funcionarios y operadores de los diversos organismos de tutela de derechos de NNyA, quienes diariamente trabajan en la efectivizaci\u00f3n de estos derechos.<\/p>\n<p>Para conocer las pautas de la convocatoria y participar, deben ingresar al siguiente link: https:\/\/convocatoria.justierradelfuego.gob.ar\/<\/p>\n<p><img loading=\"lazy\" decoding=\"async\" class=\"alignnone size-medium wp-image-57299\" src=\"https:\/\/hablemosclarotdf.com.ar\/wp-content\/uploads\/2025\/11\/photo_2025-11-09_18-28-07-240x300.jpg\" alt=\"\" width=\"240\" height=\"300\" srcset=\"https:\/\/hablemosclarotdf.com.ar\/wp-content\/uploads\/2025\/11\/photo_2025-11-09_18-28-07-240x300.jpg 240w, https:\/\/hablemosclarotdf.com.ar\/wp-content\/uploads\/2025\/11\/photo_2025-11-09_18-28-07-819x1024.jpg 819w, https:\/\/hablemosclarotdf.com.ar\/wp-content\/uploads\/2025\/11\/photo_2025-11-09_18-28-07-768x960.jpg 768w, https:\/\/hablemosclarotdf.com.ar\/wp-content\/uploads\/2025\/11\/photo_2025-11-09_18-28-07.jpg 1024w\" sizes=\"auto, (max-width: 240px) 100vw, 240px\" \/><\/p>\n","protected":false},"excerpt":{"rendered":"<p>Con el objetivo de analizar el desarrollo, la aplicaci\u00f3n y los desaf\u00edos pendientes en materia&#8230;<\/p>\n","protected":false},"author":1,"featured_media":57298,"comment_status":"closed","ping_status":"closed","sticky":false,"template":"","format":"standard","meta":{"footnotes":""},"categories":[3],"tags":[],"class_list":["post-57297","post","type-post","status-publish","format-standard","has-post-thumbnail","hentry","category-noticias"],"jetpack_featured_media_url":"https:\/\/hablemosclarotdf.com.ar\/wp-content\/uploads\/2025\/11\/photo_2025-11-09_18-27-59.jpg","_links":{"self":[{"href":"https:\/\/hablemosclarotdf.com.ar\/index.php?rest_route=\/wp\/v2\/posts\/57297","targetHints":{"allow":["GET"]}}],"collection":[{"href":"https:\/\/hablemosclarotdf.com.ar\/index.php?rest_route=\/wp\/v2\/posts"}],"about":[{"href":"https:\/\/hablemosclarotdf.com.ar\/index.php?rest_route=\/wp\/v2\/types\/post"}],"author":[{"embeddable":true,"href":"https:\/\/hablemosclarotdf.com.ar\/index.php?rest_route=\/wp\/v2\/users\/1"}],"replies":[{"embeddable":true,"href":"https:\/\/hablemosclarotdf.com.ar\/index.php?rest_route=%2Fwp%2Fv2%2Fcomments&post=57297"}],"version-history":[{"count":1,"href":"https:\/\/hablemosclarotdf.com.ar\/index.php?rest_route=\/wp\/v2\/posts\/57297\/revisions"}],"predecessor-version":[{"id":57300,"href":"https:\/\/hablemosclarotdf.com.ar\/index.php?rest_route=\/wp\/v2\/posts\/57297\/revisions\/57300"}],"wp:featuredmedia":[{"embeddable":true,"href":"https:\/\/hablemosclarotdf.com.ar\/index.php?rest_route=\/wp\/v2\/media\/57298"}],"wp:attachment":[{"href":"https:\/\/hablemosclarotdf.com.ar\/index.php?rest_route=%2Fwp%2Fv2%2Fmedia&parent=57297"}],"wp:term":[{"taxonomy":"category","embeddable":true,"href":"https:\/\/hablemosclarotdf.com.ar\/index.php?rest_route=%2Fwp%2Fv2%2Fcategories&post=57297"},{"taxonomy":"post_tag","embeddable":true,"href":"https:\/\/hablemosclarotdf.com.ar\/index.php?rest_route=%2Fwp%2Fv2%2Ftags&post=57297"}],"curies":[{"name":"wp","href":"https:\/\/api.w.org\/{rel}","templated":true}]}}