{"id":57259,"date":"2025-11-09T12:58:25","date_gmt":"2025-11-09T15:58:25","guid":{"rendered":"https:\/\/hablemosclarotdf.com.ar\/?p=57259"},"modified":"2025-11-09T12:58:25","modified_gmt":"2025-11-09T15:58:25","slug":"ushuaia-la-municipalidad-atendio-situaciones-de-arboles-caidos-durante-el-temporal-de-vientos","status":"publish","type":"post","link":"https:\/\/hablemosclarotdf.com.ar\/?p=57259","title":{"rendered":"USHUAIA : LA MUNICIPALIDAD  ATENDI\u00d3 SITUACIONES DE \u00c1RBOLES CA\u00cdDOS DURANTE EL TEMPORAL DE VIENTOS"},"content":{"rendered":"<p>La Municipalidad de Ushuaia, a trav\u00e9s de la Secretar\u00eda de Medio Ambiente y Desarrollo Sustentable, intervino durante la ma\u00f1ana de este domingo en distintas situaciones ocasionadas por la ca\u00edda de \u00e1rboles, producto del fuerte temporal de vientos registrado en la madrugada y las primeras horas del d\u00eda.<\/p>\n<p>Los equipos municipales llevaron adelante tareas de despeje y saneamiento en los sectores afectados, con el objetivo de asegurar la circulaci\u00f3n y la seguridad de vecinos y vecinas.<\/p>\n<p>Defensa Civil Municipal inform\u00f3 que \u00fanicamente recibi\u00f3 llamados posteriores vinculados a estos hechos, sin registrarse mayores inconvenientes.<\/p>\n<p>Ante cualquier emergencia, se recuerda a la comunidad comunicarse de inmediato al 103.<\/p>\n<p>&nbsp;<\/p>\n<p><img loading=\"lazy\" decoding=\"async\" class=\"alignnone size-medium wp-image-57261\" src=\"https:\/\/hablemosclarotdf.com.ar\/wp-content\/uploads\/2025\/11\/photo_2025-11-09_12-55-40-225x300.jpg\" alt=\"\" width=\"225\" height=\"300\" srcset=\"https:\/\/hablemosclarotdf.com.ar\/wp-content\/uploads\/2025\/11\/photo_2025-11-09_12-55-40-225x300.jpg 225w, https:\/\/hablemosclarotdf.com.ar\/wp-content\/uploads\/2025\/11\/photo_2025-11-09_12-55-40-768x1024.jpg 768w, https:\/\/hablemosclarotdf.com.ar\/wp-content\/uploads\/2025\/11\/photo_2025-11-09_12-55-40.jpg 960w\" sizes=\"auto, (max-width: 225px) 100vw, 225px\" \/> <img loading=\"lazy\" decoding=\"async\" class=\"alignnone size-medium wp-image-57262\" src=\"https:\/\/hablemosclarotdf.com.ar\/wp-content\/uploads\/2025\/11\/photo_2025-11-09_12-55-45-225x300.jpg\" alt=\"\" width=\"225\" height=\"300\" srcset=\"https:\/\/hablemosclarotdf.com.ar\/wp-content\/uploads\/2025\/11\/photo_2025-11-09_12-55-45-225x300.jpg 225w, https:\/\/hablemosclarotdf.com.ar\/wp-content\/uploads\/2025\/11\/photo_2025-11-09_12-55-45-768x1024.jpg 768w, https:\/\/hablemosclarotdf.com.ar\/wp-content\/uploads\/2025\/11\/photo_2025-11-09_12-55-45.jpg 960w\" sizes=\"auto, (max-width: 225px) 100vw, 225px\" \/> <img loading=\"lazy\" decoding=\"async\" class=\"alignnone size-medium wp-image-57263\" src=\"https:\/\/hablemosclarotdf.com.ar\/wp-content\/uploads\/2025\/11\/photo_2025-11-09_12-55-50-225x300.jpg\" alt=\"\" width=\"225\" height=\"300\" srcset=\"https:\/\/hablemosclarotdf.com.ar\/wp-content\/uploads\/2025\/11\/photo_2025-11-09_12-55-50-225x300.jpg 225w, https:\/\/hablemosclarotdf.com.ar\/wp-content\/uploads\/2025\/11\/photo_2025-11-09_12-55-50-768x1024.jpg 768w, https:\/\/hablemosclarotdf.com.ar\/wp-content\/uploads\/2025\/11\/photo_2025-11-09_12-55-50.jpg 960w\" sizes=\"auto, (max-width: 225px) 100vw, 225px\" \/><\/p>\n","protected":false},"excerpt":{"rendered":"<p>La Municipalidad de Ushuaia, a trav\u00e9s de la Secretar\u00eda de Medio Ambiente y Desarrollo Sustentable,&#8230;<\/p>\n","protected":false},"author":1,"featured_media":57260,"comment_status":"closed","ping_status":"closed","sticky":false,"template":"","format":"standard","meta":{"footnotes":""},"categories":[3],"tags":[],"class_list":["post-57259","post","type-post","status-publish","format-standard","has-post-thumbnail","hentry","category-noticias"],"jetpack_featured_media_url":"https:\/\/hablemosclarotdf.com.ar\/wp-content\/uploads\/2025\/11\/photo_2025-11-09_12-55-36.jpg","_links":{"self":[{"href":"https:\/\/hablemosclarotdf.com.ar\/index.php?rest_route=\/wp\/v2\/posts\/57259","targetHints":{"allow":["GET"]}}],"collection":[{"href":"https:\/\/hablemosclarotdf.com.ar\/index.php?rest_route=\/wp\/v2\/posts"}],"about":[{"href":"https:\/\/hablemosclarotdf.com.ar\/index.php?rest_route=\/wp\/v2\/types\/post"}],"author":[{"embeddable":true,"href":"https:\/\/hablemosclarotdf.com.ar\/index.php?rest_route=\/wp\/v2\/users\/1"}],"replies":[{"embeddable":true,"href":"https:\/\/hablemosclarotdf.com.ar\/index.php?rest_route=%2Fwp%2Fv2%2Fcomments&post=57259"}],"version-history":[{"count":1,"href":"https:\/\/hablemosclarotdf.com.ar\/index.php?rest_route=\/wp\/v2\/posts\/57259\/revisions"}],"predecessor-version":[{"id":57264,"href":"https:\/\/hablemosclarotdf.com.ar\/index.php?rest_route=\/wp\/v2\/posts\/57259\/revisions\/57264"}],"wp:featuredmedia":[{"embeddable":true,"href":"https:\/\/hablemosclarotdf.com.ar\/index.php?rest_route=\/wp\/v2\/media\/57260"}],"wp:attachment":[{"href":"https:\/\/hablemosclarotdf.com.ar\/index.php?rest_route=%2Fwp%2Fv2%2Fmedia&parent=57259"}],"wp:term":[{"taxonomy":"category","embeddable":true,"href":"https:\/\/hablemosclarotdf.com.ar\/index.php?rest_route=%2Fwp%2Fv2%2Fcategories&post=57259"},{"taxonomy":"post_tag","embeddable":true,"href":"https:\/\/hablemosclarotdf.com.ar\/index.php?rest_route=%2Fwp%2Fv2%2Ftags&post=57259"}],"curies":[{"name":"wp","href":"https:\/\/api.w.org\/{rel}","templated":true}]}}