{"id":57226,"date":"2025-11-08T16:14:33","date_gmt":"2025-11-08T19:14:33","guid":{"rendered":"https:\/\/hablemosclarotdf.com.ar\/?p=57226"},"modified":"2025-11-08T16:14:33","modified_gmt":"2025-11-08T19:14:33","slug":"delegacion-de-levantamiento-de-pesas-de-tierra-del-fuego-viaja-al-campeonato-nacional","status":"publish","type":"post","link":"https:\/\/hablemosclarotdf.com.ar\/?p=57226","title":{"rendered":"DELEGACI\u00d3N DE LEVANTAMIENTO DE PESAS DE TIERRA DEL FUEGO VIAJA AL CAMPEONATO NACIONAL"},"content":{"rendered":"<p>Este domingo 9 de noviembre partir\u00e1, desde la ciudad de R\u00edo Grande, una delegaci\u00f3n de doce pesistas fueguinos con destino a la ciudad de Buenos Aires, donde competir\u00e1n en el \u201cCampeonato Nacional de la Rep\u00fablica Argentina\u201d.<\/p>\n<p>El certamen, organizado por la Federaci\u00f3n Argentina de Pesas con el apoyo de la Secretar\u00eda de Deportes de la Naci\u00f3n, se llevar\u00e1 a cabo en las instalaciones del Centro Nacional de Alto Rendimiento Deportivo (CeNARD) desde el 9 al 15 de noviembre, con la participaci\u00f3n de delegaciones provinciales de todo el pa\u00eds.<\/p>\n<p>La delegaci\u00f3n fueguina, integrada por deportistas de las ciudades de R\u00edo Grande y Tolhuin de diferentes categor\u00edas, viajar\u00e1 con el objetivo de buscar su mejor marca y destacarse entre los mejores del pa\u00eds. El equipo se encuentra a cargo de los entrenadores Carla Moreira y Gabriel Coto.<\/p>\n<p>Los deportistas que conforman la delegaci\u00f3n son:<\/p>\n<p>Yamila Olibera (53 kg)<\/p>\n<p>Camila Sophia M\u00e1rquez Marzol (58 kg)<\/p>\n<p>Agostina Micaela Tauriani (58 kg)<\/p>\n<p>Isabela Mayo Gon (63 kg)<\/p>\n<p>Naiara Arguello (63 kg)<\/p>\n<p>Fabricio Arguello (65 kg)<\/p>\n<p>Benjam\u00edn Camargo (71 kg)<\/p>\n<p>Isa\u00edas Teo Moyano (71 kg)<\/p>\n<p>Fern\u00e1n Manuel Navarro (71 kg)<\/p>\n<p>Mateo Oyarzo (71 kg)<\/p>\n<p>Uriel Pe\u00f1a (88 kg)<\/p>\n<p>La competencia m\u00e1s importante del levantamiento ol\u00edmpico argentino, reservada para las divisiones Sub-15, Sub-17, Sub-20 y Absoluto, comenzar\u00e1 el lunes 10 de noviembre con las categor\u00edas m\u00e1s livianas. Previamente, el domingo 9, se realizar\u00e1 el congresillo t\u00e9cnico para todos los delegados provinciales. El pesaje de cada divisional se llevar\u00e1 a cabo 2 horas antes del inicio de cada competencia.<\/p>\n<p>Es importante recordar el historial de \u00e9xito de la delegaci\u00f3n fueguina. En la \u00faltima edici\u00f3n del Nacional, disputado en la ciudad de Bariloche, el equipo consigui\u00f3 un total de 5 medallas: una de oro, obtenida por Octavio Sosa, y cuatro de plata, logradas por Malena Roche, Sophia Alen, Ximena Beintez y Valentina Castro.<\/p>\n<p>Con esta base de resultados previos, la delegaci\u00f3n viaja con grandes expectativas y el apoyo de toda la comunidad de Tierra del Fuego.<\/p>\n<p><img loading=\"lazy\" decoding=\"async\" class=\"alignnone size-medium wp-image-57228\" src=\"https:\/\/hablemosclarotdf.com.ar\/wp-content\/uploads\/2025\/11\/photo_2025-11-08_16-13-12-300x200.jpg\" alt=\"\" width=\"300\" height=\"200\" srcset=\"https:\/\/hablemosclarotdf.com.ar\/wp-content\/uploads\/2025\/11\/photo_2025-11-08_16-13-12-300x200.jpg 300w, https:\/\/hablemosclarotdf.com.ar\/wp-content\/uploads\/2025\/11\/photo_2025-11-08_16-13-12-768x512.jpg 768w, https:\/\/hablemosclarotdf.com.ar\/wp-content\/uploads\/2025\/11\/photo_2025-11-08_16-13-12.jpg 960w\" sizes=\"auto, (max-width: 300px) 100vw, 300px\" \/> <img loading=\"lazy\" decoding=\"async\" class=\"alignnone size-medium wp-image-57229\" src=\"https:\/\/hablemosclarotdf.com.ar\/wp-content\/uploads\/2025\/11\/photo_2025-11-08_16-13-20-300x200.jpg\" alt=\"\" width=\"300\" height=\"200\" srcset=\"https:\/\/hablemosclarotdf.com.ar\/wp-content\/uploads\/2025\/11\/photo_2025-11-08_16-13-20-300x200.jpg 300w, https:\/\/hablemosclarotdf.com.ar\/wp-content\/uploads\/2025\/11\/photo_2025-11-08_16-13-20-1024x682.jpg 1024w, https:\/\/hablemosclarotdf.com.ar\/wp-content\/uploads\/2025\/11\/photo_2025-11-08_16-13-20-768x512.jpg 768w, https:\/\/hablemosclarotdf.com.ar\/wp-content\/uploads\/2025\/11\/photo_2025-11-08_16-13-20.jpg 1280w\" sizes=\"auto, (max-width: 300px) 100vw, 300px\" \/><\/p>\n","protected":false},"excerpt":{"rendered":"<p>Este domingo 9 de noviembre partir\u00e1, desde la ciudad de R\u00edo Grande, una delegaci\u00f3n de&#8230;<\/p>\n","protected":false},"author":1,"featured_media":57227,"comment_status":"closed","ping_status":"closed","sticky":false,"template":"","format":"standard","meta":{"footnotes":""},"categories":[3],"tags":[],"class_list":["post-57226","post","type-post","status-publish","format-standard","has-post-thumbnail","hentry","category-noticias"],"jetpack_featured_media_url":"https:\/\/hablemosclarotdf.com.ar\/wp-content\/uploads\/2025\/11\/photo_2025-11-08_16-13-01.jpg","_links":{"self":[{"href":"https:\/\/hablemosclarotdf.com.ar\/index.php?rest_route=\/wp\/v2\/posts\/57226","targetHints":{"allow":["GET"]}}],"collection":[{"href":"https:\/\/hablemosclarotdf.com.ar\/index.php?rest_route=\/wp\/v2\/posts"}],"about":[{"href":"https:\/\/hablemosclarotdf.com.ar\/index.php?rest_route=\/wp\/v2\/types\/post"}],"author":[{"embeddable":true,"href":"https:\/\/hablemosclarotdf.com.ar\/index.php?rest_route=\/wp\/v2\/users\/1"}],"replies":[{"embeddable":true,"href":"https:\/\/hablemosclarotdf.com.ar\/index.php?rest_route=%2Fwp%2Fv2%2Fcomments&post=57226"}],"version-history":[{"count":1,"href":"https:\/\/hablemosclarotdf.com.ar\/index.php?rest_route=\/wp\/v2\/posts\/57226\/revisions"}],"predecessor-version":[{"id":57230,"href":"https:\/\/hablemosclarotdf.com.ar\/index.php?rest_route=\/wp\/v2\/posts\/57226\/revisions\/57230"}],"wp:featuredmedia":[{"embeddable":true,"href":"https:\/\/hablemosclarotdf.com.ar\/index.php?rest_route=\/wp\/v2\/media\/57227"}],"wp:attachment":[{"href":"https:\/\/hablemosclarotdf.com.ar\/index.php?rest_route=%2Fwp%2Fv2%2Fmedia&parent=57226"}],"wp:term":[{"taxonomy":"category","embeddable":true,"href":"https:\/\/hablemosclarotdf.com.ar\/index.php?rest_route=%2Fwp%2Fv2%2Fcategories&post=57226"},{"taxonomy":"post_tag","embeddable":true,"href":"https:\/\/hablemosclarotdf.com.ar\/index.php?rest_route=%2Fwp%2Fv2%2Ftags&post=57226"}],"curies":[{"name":"wp","href":"https:\/\/api.w.org\/{rel}","templated":true}]}}