{"id":57220,"date":"2025-11-08T13:47:29","date_gmt":"2025-11-08T16:47:29","guid":{"rendered":"https:\/\/hablemosclarotdf.com.ar\/?p=57220"},"modified":"2025-11-08T13:47:29","modified_gmt":"2025-11-08T16:47:29","slug":"salud-desmiente-informacion-sobre-supuestos-casos-fatales-de-coqueluche-en-ushuaia","status":"publish","type":"post","link":"https:\/\/hablemosclarotdf.com.ar\/?p=57220","title":{"rendered":"SALUD DESMIENTE INFORMACI\u00d3N SOBRE SUPUESTOS CASOS FATALES DE COQUELUCHE EN USHUAIA"},"content":{"rendered":"<p>El Ministerio de Salud de la Provincia desmiente que existan en Ushuaia ni\u00f1os fallecidos por casos de coqueluche como se inform\u00f3 en medios de comunicaci\u00f3n en Ciudad de Buenos Aires.<\/p>\n<p>Desde la cartera sanitaria advirtieron que no existen personas internadas, ni se registraron muertes por esta enfermedad en Tierra del Fuego.<\/p>\n<p>Desde el \u00e1rea de Epidemiolog\u00eda del Ministerio de Salud se aclar\u00f3 que el nivel de vacunaci\u00f3n en ni\u00f1os en la Provincia es alto. Tambi\u00e9n se explic\u00f3 que no se reportaron casos de contagios en bebes menores de 2 meses debido a que la cobertura de vacunaci\u00f3n en embarazadas es elevada.<\/p>\n<p>La cartera sanitaria llam\u00f3 a la comunidad a informarse \u00fanicamente a trav\u00e9s de los canales oficiales del Ministerio de Salud y reiter\u00f3 que se mantiene un monitoreo constante de las enfermedades inmunoprevenibles en toda la provincia.<\/p>\n","protected":false},"excerpt":{"rendered":"<p>El Ministerio de Salud de la Provincia desmiente que existan en Ushuaia ni\u00f1os fallecidos por&#8230;<\/p>\n","protected":false},"author":1,"featured_media":57221,"comment_status":"closed","ping_status":"closed","sticky":false,"template":"","format":"standard","meta":{"footnotes":""},"categories":[3],"tags":[],"class_list":["post-57220","post","type-post","status-publish","format-standard","has-post-thumbnail","hentry","category-noticias"],"jetpack_featured_media_url":"https:\/\/hablemosclarotdf.com.ar\/wp-content\/uploads\/2025\/11\/photo_2025-11-08_13-46-59.jpg","_links":{"self":[{"href":"https:\/\/hablemosclarotdf.com.ar\/index.php?rest_route=\/wp\/v2\/posts\/57220","targetHints":{"allow":["GET"]}}],"collection":[{"href":"https:\/\/hablemosclarotdf.com.ar\/index.php?rest_route=\/wp\/v2\/posts"}],"about":[{"href":"https:\/\/hablemosclarotdf.com.ar\/index.php?rest_route=\/wp\/v2\/types\/post"}],"author":[{"embeddable":true,"href":"https:\/\/hablemosclarotdf.com.ar\/index.php?rest_route=\/wp\/v2\/users\/1"}],"replies":[{"embeddable":true,"href":"https:\/\/hablemosclarotdf.com.ar\/index.php?rest_route=%2Fwp%2Fv2%2Fcomments&post=57220"}],"version-history":[{"count":1,"href":"https:\/\/hablemosclarotdf.com.ar\/index.php?rest_route=\/wp\/v2\/posts\/57220\/revisions"}],"predecessor-version":[{"id":57222,"href":"https:\/\/hablemosclarotdf.com.ar\/index.php?rest_route=\/wp\/v2\/posts\/57220\/revisions\/57222"}],"wp:featuredmedia":[{"embeddable":true,"href":"https:\/\/hablemosclarotdf.com.ar\/index.php?rest_route=\/wp\/v2\/media\/57221"}],"wp:attachment":[{"href":"https:\/\/hablemosclarotdf.com.ar\/index.php?rest_route=%2Fwp%2Fv2%2Fmedia&parent=57220"}],"wp:term":[{"taxonomy":"category","embeddable":true,"href":"https:\/\/hablemosclarotdf.com.ar\/index.php?rest_route=%2Fwp%2Fv2%2Fcategories&post=57220"},{"taxonomy":"post_tag","embeddable":true,"href":"https:\/\/hablemosclarotdf.com.ar\/index.php?rest_route=%2Fwp%2Fv2%2Ftags&post=57220"}],"curies":[{"name":"wp","href":"https:\/\/api.w.org\/{rel}","templated":true}]}}