{"id":57209,"date":"2025-11-08T13:44:13","date_gmt":"2025-11-08T16:44:13","guid":{"rendered":"https:\/\/hablemosclarotdf.com.ar\/?p=57209"},"modified":"2025-11-08T13:44:13","modified_gmt":"2025-11-08T16:44:13","slug":"mas-de-70-estudiantes-participaron-de-la-capacitacion-integral-de-inclusion-laboral-en-tolhuin","status":"publish","type":"post","link":"https:\/\/hablemosclarotdf.com.ar\/?p=57209","title":{"rendered":"M\u00c1S DE 70 ESTUDIANTES PARTICIPARON DE LA CAPACITACI\u00d3N INTEGRAL DE INCLUSI\u00d3N LABORAL EN TOLHUIN"},"content":{"rendered":"<p>El Ministerio de Trabajo y Empleo, llev\u00f3 adelante una nueva edici\u00f3n de la Capacitaci\u00f3n Integral de Inclusi\u00f3n Laboral en Tolhuin, junto a alumnos de la Escuela de J\u00f3venes y Adultos N\u00b0 3, del CENS N.\u00ba 2 y del Bachillerato Popular.<\/p>\n<p>La propuesta, orientada a fortalecer las oportunidades de empleo y acompa\u00f1ar la formaci\u00f3n de j\u00f3venes y adultos, se suma a las jornadas desarrolladas en Ushuaia, donde participaron estudiantes del CENS N\u00ba 15 y del CENS N\u00ba 3.<\/p>\n<p>Durante el encuentro, los participantes abordaron temas vinculados a la elaboraci\u00f3n del curr\u00edculum vitae, la preparaci\u00f3n para entrevistas laborales y el asesoramiento laboral gratuito.<\/p>\n<p>La subsecretaria de Pol\u00edticas y Vinculaci\u00f3n Comunitaria, Paola Barros, realiz\u00f3 un balance positivo sobre el desarrollo de las capacitaciones tanto en Ushuaia como en Tolhuin, destacando la diversidad de realidades y experiencias presentes en cada instancia \u201ccada capacitaci\u00f3n nos permite aprender junto a los participantes, porque son ellos quienes enriquecen el espacio con sus inquietudes e intereses. Estas experiencias nos ayudan a ajustar los contenidos seg\u00fan las necesidades reales de cada comunidad\u201d, expres\u00f3 Barros.<\/p>\n<p>En cuanto a las demandas m\u00e1s frecuentes, la funcionaria explic\u00f3 que muchas de las consultas se centran en c\u00f3mo presentarse en una entrevista laboral, fortalecer las habilidades blandas y conocer los cambios recientes en materia laboral.<\/p>\n<p>Para ello, las jornadas incluyen din\u00e1micas grupales y simulacros de entrevistas, donde los participantes pueden practicar desde el primer contacto telef\u00f3nico hasta la instancia presencial con el reclutador, generando confianza y una mejor preparaci\u00f3n para futuros procesos de selecci\u00f3n.<\/p>\n<p>Barros tambi\u00e9n destac\u00f3 el acompa\u00f1amiento de los equipos directivos y docentes de los establecimientos educativos donde se desarrollaron las capacitaciones. \u201cHemos tenido un excelente acompa\u00f1amiento de los directivos de todos los CENS a los que asistimos, que incluso participan activamente durante las jornadas\u201d.<\/p>\n<p>\u201cEl compromiso del Ministerio de Educaci\u00f3n, a trav\u00e9s del director provincial Javier Rueda, ha sido fundamental para que estas capacitaciones lleguen a m\u00e1s estudiantes y se consolide una red que potencie su formaci\u00f3n y empleabilidad\u201d, remarc\u00f3 la funcionaria.<\/p>\n<p>Estuvieron presentes el subsecretario de Promoci\u00f3n de Empleo, Pablo Villena, la directora provincial de Promoci\u00f3n Laboral, Lorena Wozniak, junto a parte del equipo del Ministerio de Trabajo y Empleo de Ushuaia y de la delegaci\u00f3n de Tolhuin, quienes acompa\u00f1aron el desarrollo de la jornada y el intercambio con los participantes.<\/p>\n<p><img loading=\"lazy\" decoding=\"async\" class=\"alignnone size-medium wp-image-57211\" src=\"https:\/\/hablemosclarotdf.com.ar\/wp-content\/uploads\/2025\/11\/photo_2025-11-08_13-42-33-300x200.jpg\" alt=\"\" width=\"300\" height=\"200\" srcset=\"https:\/\/hablemosclarotdf.com.ar\/wp-content\/uploads\/2025\/11\/photo_2025-11-08_13-42-33-300x200.jpg 300w, https:\/\/hablemosclarotdf.com.ar\/wp-content\/uploads\/2025\/11\/photo_2025-11-08_13-42-33-1024x682.jpg 1024w, https:\/\/hablemosclarotdf.com.ar\/wp-content\/uploads\/2025\/11\/photo_2025-11-08_13-42-33-768x512.jpg 768w, https:\/\/hablemosclarotdf.com.ar\/wp-content\/uploads\/2025\/11\/photo_2025-11-08_13-42-33.jpg 1280w\" sizes=\"auto, (max-width: 300px) 100vw, 300px\" \/> <img loading=\"lazy\" decoding=\"async\" class=\"alignnone size-medium wp-image-57212\" src=\"https:\/\/hablemosclarotdf.com.ar\/wp-content\/uploads\/2025\/11\/photo_2025-11-08_13-42-37-300x200.jpg\" alt=\"\" width=\"300\" height=\"200\" srcset=\"https:\/\/hablemosclarotdf.com.ar\/wp-content\/uploads\/2025\/11\/photo_2025-11-08_13-42-37-300x200.jpg 300w, https:\/\/hablemosclarotdf.com.ar\/wp-content\/uploads\/2025\/11\/photo_2025-11-08_13-42-37-1024x682.jpg 1024w, https:\/\/hablemosclarotdf.com.ar\/wp-content\/uploads\/2025\/11\/photo_2025-11-08_13-42-37-768x512.jpg 768w, https:\/\/hablemosclarotdf.com.ar\/wp-content\/uploads\/2025\/11\/photo_2025-11-08_13-42-37.jpg 1280w\" sizes=\"auto, (max-width: 300px) 100vw, 300px\" \/> <img loading=\"lazy\" decoding=\"async\" class=\"alignnone size-medium wp-image-57213\" src=\"https:\/\/hablemosclarotdf.com.ar\/wp-content\/uploads\/2025\/11\/photo_2025-11-08_13-42-41-300x200.jpg\" alt=\"\" width=\"300\" height=\"200\" srcset=\"https:\/\/hablemosclarotdf.com.ar\/wp-content\/uploads\/2025\/11\/photo_2025-11-08_13-42-41-300x200.jpg 300w, https:\/\/hablemosclarotdf.com.ar\/wp-content\/uploads\/2025\/11\/photo_2025-11-08_13-42-41-1024x682.jpg 1024w, https:\/\/hablemosclarotdf.com.ar\/wp-content\/uploads\/2025\/11\/photo_2025-11-08_13-42-41-768x512.jpg 768w, https:\/\/hablemosclarotdf.com.ar\/wp-content\/uploads\/2025\/11\/photo_2025-11-08_13-42-41.jpg 1280w\" sizes=\"auto, (max-width: 300px) 100vw, 300px\" \/> <img loading=\"lazy\" decoding=\"async\" class=\"alignnone size-medium wp-image-57214\" src=\"https:\/\/hablemosclarotdf.com.ar\/wp-content\/uploads\/2025\/11\/photo_2025-11-08_13-42-45-300x200.jpg\" alt=\"\" width=\"300\" height=\"200\" srcset=\"https:\/\/hablemosclarotdf.com.ar\/wp-content\/uploads\/2025\/11\/photo_2025-11-08_13-42-45-300x200.jpg 300w, https:\/\/hablemosclarotdf.com.ar\/wp-content\/uploads\/2025\/11\/photo_2025-11-08_13-42-45-1024x682.jpg 1024w, https:\/\/hablemosclarotdf.com.ar\/wp-content\/uploads\/2025\/11\/photo_2025-11-08_13-42-45-768x512.jpg 768w, https:\/\/hablemosclarotdf.com.ar\/wp-content\/uploads\/2025\/11\/photo_2025-11-08_13-42-45.jpg 1280w\" sizes=\"auto, (max-width: 300px) 100vw, 300px\" \/> <img loading=\"lazy\" decoding=\"async\" class=\"alignnone size-medium wp-image-57215\" src=\"https:\/\/hablemosclarotdf.com.ar\/wp-content\/uploads\/2025\/11\/photo_2025-11-08_13-42-49-300x200.jpg\" alt=\"\" width=\"300\" height=\"200\" srcset=\"https:\/\/hablemosclarotdf.com.ar\/wp-content\/uploads\/2025\/11\/photo_2025-11-08_13-42-49-300x200.jpg 300w, https:\/\/hablemosclarotdf.com.ar\/wp-content\/uploads\/2025\/11\/photo_2025-11-08_13-42-49-1024x682.jpg 1024w, https:\/\/hablemosclarotdf.com.ar\/wp-content\/uploads\/2025\/11\/photo_2025-11-08_13-42-49-768x512.jpg 768w, https:\/\/hablemosclarotdf.com.ar\/wp-content\/uploads\/2025\/11\/photo_2025-11-08_13-42-49.jpg 1280w\" sizes=\"auto, (max-width: 300px) 100vw, 300px\" \/><\/p>\n","protected":false},"excerpt":{"rendered":"<p>El Ministerio de Trabajo y Empleo, llev\u00f3 adelante una nueva edici\u00f3n de la Capacitaci\u00f3n Integral&#8230;<\/p>\n","protected":false},"author":1,"featured_media":57210,"comment_status":"closed","ping_status":"closed","sticky":false,"template":"","format":"standard","meta":{"footnotes":""},"categories":[3],"tags":[],"class_list":["post-57209","post","type-post","status-publish","format-standard","has-post-thumbnail","hentry","category-noticias"],"jetpack_featured_media_url":"https:\/\/hablemosclarotdf.com.ar\/wp-content\/uploads\/2025\/11\/photo_2025-11-08_13-42-24.jpg","_links":{"self":[{"href":"https:\/\/hablemosclarotdf.com.ar\/index.php?rest_route=\/wp\/v2\/posts\/57209","targetHints":{"allow":["GET"]}}],"collection":[{"href":"https:\/\/hablemosclarotdf.com.ar\/index.php?rest_route=\/wp\/v2\/posts"}],"about":[{"href":"https:\/\/hablemosclarotdf.com.ar\/index.php?rest_route=\/wp\/v2\/types\/post"}],"author":[{"embeddable":true,"href":"https:\/\/hablemosclarotdf.com.ar\/index.php?rest_route=\/wp\/v2\/users\/1"}],"replies":[{"embeddable":true,"href":"https:\/\/hablemosclarotdf.com.ar\/index.php?rest_route=%2Fwp%2Fv2%2Fcomments&post=57209"}],"version-history":[{"count":1,"href":"https:\/\/hablemosclarotdf.com.ar\/index.php?rest_route=\/wp\/v2\/posts\/57209\/revisions"}],"predecessor-version":[{"id":57216,"href":"https:\/\/hablemosclarotdf.com.ar\/index.php?rest_route=\/wp\/v2\/posts\/57209\/revisions\/57216"}],"wp:featuredmedia":[{"embeddable":true,"href":"https:\/\/hablemosclarotdf.com.ar\/index.php?rest_route=\/wp\/v2\/media\/57210"}],"wp:attachment":[{"href":"https:\/\/hablemosclarotdf.com.ar\/index.php?rest_route=%2Fwp%2Fv2%2Fmedia&parent=57209"}],"wp:term":[{"taxonomy":"category","embeddable":true,"href":"https:\/\/hablemosclarotdf.com.ar\/index.php?rest_route=%2Fwp%2Fv2%2Fcategories&post=57209"},{"taxonomy":"post_tag","embeddable":true,"href":"https:\/\/hablemosclarotdf.com.ar\/index.php?rest_route=%2Fwp%2Fv2%2Ftags&post=57209"}],"curies":[{"name":"wp","href":"https:\/\/api.w.org\/{rel}","templated":true}]}}