{"id":57199,"date":"2025-11-08T11:00:38","date_gmt":"2025-11-08T14:00:38","guid":{"rendered":"https:\/\/hablemosclarotdf.com.ar\/?p=57199"},"modified":"2025-11-08T11:00:38","modified_gmt":"2025-11-08T14:00:38","slug":"se-habilito-la-temporada-de-visita-al-area-natural-protegida-peninsula-mitre","status":"publish","type":"post","link":"https:\/\/hablemosclarotdf.com.ar\/?p=57199","title":{"rendered":"SE HABILIT\u00d3 LA TEMPORADA DE VISITA AL \u00c1REA NATURAL PROTEGIDA PEN\u00cdNSULA MITRE"},"content":{"rendered":"<p>La Provincia dio inicio a la temporada de visitas al \u00c1rea Natural Protegida Pen\u00ednsula Mitre, la cual se extender\u00e1 hasta el 15 de abril de 2026 inclusive.<\/p>\n<p>La Secretar\u00eda de Ambiente recuerda que se trata de un \u00e1rea extensa, de dif\u00edcil acceso, sin se\u00f1al de comunicaci\u00f3n ni servicios, por lo que el ingreso se realiza bajo la propia responsabilidad de los visitantes. En este sentido, es obligatorio completar el Registro de Visitantes, tanto particulares como operadores de turismo aventura habilitados, disponible en la web oficial de la Secretar\u00eda antes de ingresar. Esto, permite contar con informaci\u00f3n actualizada en caso de emergencias, y contribuye al control y monitoreo del \u00c1rea.<\/p>\n<p>Entre las recomendaciones b\u00e1sicas para quienes planifiquen recorrer la zona, se destaca: no hacer fuego, ingresar siempre acompa\u00f1ados, llevar botiqu\u00edn, GPS, tabla de mareas actualizada, agua y v\u00edveres suficientes, equipo de comunicaci\u00f3n y calentador a gas homologado. Asimismo, es importante consultar el pron\u00f3stico del tiempo y conservar la constancia de registro durante toda la visita.<\/p>\n<p>Para m\u00e1s informaci\u00f3n y acceder a los formularios de ingreso-egreso, y registros para operadores o particulares, ingresar a:<\/p>\n<blockquote class=\"wp-embedded-content\" data-secret=\"mJVq2cO8BC\"><p><a href=\"https:\/\/prodyambiente.tierradelfuego.gob.ar\/ingreso-al-area-natural-protegida-peninsula-mitre\/\">ingreso al \u00e1rea natural protegida pen\u00ednsula mitre<\/a><\/p><\/blockquote>\n<p><iframe loading=\"lazy\" class=\"wp-embedded-content\" sandbox=\"allow-scripts\" security=\"restricted\" style=\"position: absolute; visibility: hidden;\" title=\"&#8220;ingreso al \u00e1rea natural protegida pen\u00ednsula mitre&#8221; &#8212; Ministerio de Producci\u00f3n y Ambiente\" src=\"https:\/\/prodyambiente.tierradelfuego.gob.ar\/ingreso-al-area-natural-protegida-peninsula-mitre\/embed\/#?secret=jiTZ9d0fdK#?secret=mJVq2cO8BC\" data-secret=\"mJVq2cO8BC\" width=\"600\" height=\"338\" frameborder=\"0\" marginwidth=\"0\" marginheight=\"0\" scrolling=\"no\"><\/iframe><\/p>\n<p><img loading=\"lazy\" decoding=\"async\" class=\"alignnone size-medium wp-image-57201\" src=\"https:\/\/hablemosclarotdf.com.ar\/wp-content\/uploads\/2025\/11\/photo_2025-11-08_10-59-09-300x201.jpg\" alt=\"\" width=\"300\" height=\"201\" srcset=\"https:\/\/hablemosclarotdf.com.ar\/wp-content\/uploads\/2025\/11\/photo_2025-11-08_10-59-09-300x201.jpg 300w, https:\/\/hablemosclarotdf.com.ar\/wp-content\/uploads\/2025\/11\/photo_2025-11-08_10-59-09-1024x686.jpg 1024w, https:\/\/hablemosclarotdf.com.ar\/wp-content\/uploads\/2025\/11\/photo_2025-11-08_10-59-09-768x514.jpg 768w, https:\/\/hablemosclarotdf.com.ar\/wp-content\/uploads\/2025\/11\/photo_2025-11-08_10-59-09.jpg 1280w\" sizes=\"auto, (max-width: 300px) 100vw, 300px\" \/> <img loading=\"lazy\" decoding=\"async\" class=\"alignnone size-medium wp-image-57202\" src=\"https:\/\/hablemosclarotdf.com.ar\/wp-content\/uploads\/2025\/11\/photo_2025-11-08_10-59-14-300x201.jpg\" alt=\"\" width=\"300\" height=\"201\" srcset=\"https:\/\/hablemosclarotdf.com.ar\/wp-content\/uploads\/2025\/11\/photo_2025-11-08_10-59-14-300x201.jpg 300w, https:\/\/hablemosclarotdf.com.ar\/wp-content\/uploads\/2025\/11\/photo_2025-11-08_10-59-14-1024x686.jpg 1024w, https:\/\/hablemosclarotdf.com.ar\/wp-content\/uploads\/2025\/11\/photo_2025-11-08_10-59-14-768x514.jpg 768w, https:\/\/hablemosclarotdf.com.ar\/wp-content\/uploads\/2025\/11\/photo_2025-11-08_10-59-14.jpg 1280w\" sizes=\"auto, (max-width: 300px) 100vw, 300px\" \/> <img loading=\"lazy\" decoding=\"async\" class=\"alignnone size-medium wp-image-57203\" src=\"https:\/\/hablemosclarotdf.com.ar\/wp-content\/uploads\/2025\/11\/photo_2025-11-08_10-59-20-300x201.jpg\" alt=\"\" width=\"300\" height=\"201\" srcset=\"https:\/\/hablemosclarotdf.com.ar\/wp-content\/uploads\/2025\/11\/photo_2025-11-08_10-59-20-300x201.jpg 300w, https:\/\/hablemosclarotdf.com.ar\/wp-content\/uploads\/2025\/11\/photo_2025-11-08_10-59-20-1024x686.jpg 1024w, https:\/\/hablemosclarotdf.com.ar\/wp-content\/uploads\/2025\/11\/photo_2025-11-08_10-59-20-768x514.jpg 768w, https:\/\/hablemosclarotdf.com.ar\/wp-content\/uploads\/2025\/11\/photo_2025-11-08_10-59-20.jpg 1280w\" sizes=\"auto, (max-width: 300px) 100vw, 300px\" \/> <img loading=\"lazy\" decoding=\"async\" class=\"alignnone size-medium wp-image-57204\" src=\"https:\/\/hablemosclarotdf.com.ar\/wp-content\/uploads\/2025\/11\/photo_2025-11-08_10-59-33-300x201.jpg\" alt=\"\" width=\"300\" height=\"201\" srcset=\"https:\/\/hablemosclarotdf.com.ar\/wp-content\/uploads\/2025\/11\/photo_2025-11-08_10-59-33-300x201.jpg 300w, https:\/\/hablemosclarotdf.com.ar\/wp-content\/uploads\/2025\/11\/photo_2025-11-08_10-59-33-1024x686.jpg 1024w, https:\/\/hablemosclarotdf.com.ar\/wp-content\/uploads\/2025\/11\/photo_2025-11-08_10-59-33-768x514.jpg 768w, https:\/\/hablemosclarotdf.com.ar\/wp-content\/uploads\/2025\/11\/photo_2025-11-08_10-59-33.jpg 1280w\" sizes=\"auto, (max-width: 300px) 100vw, 300px\" \/><\/p>\n","protected":false},"excerpt":{"rendered":"<p>La Provincia dio inicio a la temporada de visitas al \u00c1rea Natural Protegida Pen\u00ednsula Mitre,&#8230;<\/p>\n","protected":false},"author":1,"featured_media":57200,"comment_status":"closed","ping_status":"closed","sticky":false,"template":"","format":"standard","meta":{"footnotes":""},"categories":[3],"tags":[],"class_list":["post-57199","post","type-post","status-publish","format-standard","has-post-thumbnail","hentry","category-noticias"],"jetpack_featured_media_url":"https:\/\/hablemosclarotdf.com.ar\/wp-content\/uploads\/2025\/11\/photo_2025-11-08_10-59-00.jpg","_links":{"self":[{"href":"https:\/\/hablemosclarotdf.com.ar\/index.php?rest_route=\/wp\/v2\/posts\/57199","targetHints":{"allow":["GET"]}}],"collection":[{"href":"https:\/\/hablemosclarotdf.com.ar\/index.php?rest_route=\/wp\/v2\/posts"}],"about":[{"href":"https:\/\/hablemosclarotdf.com.ar\/index.php?rest_route=\/wp\/v2\/types\/post"}],"author":[{"embeddable":true,"href":"https:\/\/hablemosclarotdf.com.ar\/index.php?rest_route=\/wp\/v2\/users\/1"}],"replies":[{"embeddable":true,"href":"https:\/\/hablemosclarotdf.com.ar\/index.php?rest_route=%2Fwp%2Fv2%2Fcomments&post=57199"}],"version-history":[{"count":1,"href":"https:\/\/hablemosclarotdf.com.ar\/index.php?rest_route=\/wp\/v2\/posts\/57199\/revisions"}],"predecessor-version":[{"id":57205,"href":"https:\/\/hablemosclarotdf.com.ar\/index.php?rest_route=\/wp\/v2\/posts\/57199\/revisions\/57205"}],"wp:featuredmedia":[{"embeddable":true,"href":"https:\/\/hablemosclarotdf.com.ar\/index.php?rest_route=\/wp\/v2\/media\/57200"}],"wp:attachment":[{"href":"https:\/\/hablemosclarotdf.com.ar\/index.php?rest_route=%2Fwp%2Fv2%2Fmedia&parent=57199"}],"wp:term":[{"taxonomy":"category","embeddable":true,"href":"https:\/\/hablemosclarotdf.com.ar\/index.php?rest_route=%2Fwp%2Fv2%2Fcategories&post=57199"},{"taxonomy":"post_tag","embeddable":true,"href":"https:\/\/hablemosclarotdf.com.ar\/index.php?rest_route=%2Fwp%2Fv2%2Ftags&post=57199"}],"curies":[{"name":"wp","href":"https:\/\/api.w.org\/{rel}","templated":true}]}}