{"id":57193,"date":"2025-11-08T10:54:18","date_gmt":"2025-11-08T13:54:18","guid":{"rendered":"https:\/\/hablemosclarotdf.com.ar\/?p=57193"},"modified":"2025-11-08T10:54:18","modified_gmt":"2025-11-08T13:54:18","slug":"rio-grande-hoy-comienza-la-5a-expo-agroproductiva-en-la-mision-salesiana","status":"publish","type":"post","link":"https:\/\/hablemosclarotdf.com.ar\/?p=57193","title":{"rendered":"RIO GRANDE : HOY COMIENZA LA 5\u00aa EXPO AGROPRODUCTIVA EN LA MISI\u00d3N SALESIANA"},"content":{"rendered":"<p>El Municipio de R\u00edo Grande invita a la comunidad a participar de la 5\u00aa Expo Agroproductiva, que comienza hoy, s\u00e1bado 8 de noviembre, y contin\u00faa ma\u00f1ana domingo 9, en la Misi\u00f3n Salesiana.<\/p>\n<p>Durante ambas jornadas se llevar\u00e1n adelante charlas, capacitaciones, espect\u00e1culos y propuestas gastron\u00f3micas que promueven el encuentro entre familias, emprendedores y agroproductores, en el marco de una iniciativa que busca fortalecer la Soberan\u00eda Alimentaria y poner en valor la producci\u00f3n local.<\/p>\n<p>De esta manera, la agenda de actividades comenzar\u00e1 el s\u00e1bado, de 14 a 15 horas, con la charla \u201cM\u00e9todos eficientes para obtener compost y bocashi\u201d, dictada por Susana Aresi de INTA.<br \/>\nDe 15 a 16 horas, se desarrollar\u00e1 \u201cIntroducci\u00f3n a la Hidropon\u00eda\u201d, a cargo de Jonathan G\u00f3mez, de Hidro Grande.<\/p>\n<p>Luego, de 16 a 17 horas, tendr\u00e1 lugar la capacitaci\u00f3n \u201cEmprender desde el Sur: Herramientas para el crecimiento emprendedor\u201d. De 17 a 18 horas, las infancias podr\u00e1n disfrutar de \u201cCultivando infancias\u201d, a cargo de Sergio Astorga, un espacio l\u00fadico para aprender sobre huertas. Finalmente, de 18 a 19 horas, se realizar\u00e1 \u201cSoberan\u00eda Alimentaria en Casa\u201d, dictada por Heraldo Rivadero, vinculada al programa municipal de entrega de plantines.<\/p>\n<p>Las actividades del domingo iniciar\u00e1n a las 14 horas, con \u201cIntroducci\u00f3n al cannabis medicinal\u201d, a cargo de la Federaci\u00f3n Cannabis de la UTN. De 15 a 16 horas, se repetir\u00e1 \u201cCultivando infancias\u201d para las familias que se acerquen a la Expo. A continuaci\u00f3n, de 16 a 17 horas, se realizar\u00e1 nuevamente \u201cIntroducci\u00f3n a la Hidropon\u00eda\u201d, con Jonathan G\u00f3mez, y de 17 a 18 horas, \u201cSoberan\u00eda Alimentaria en Casa\u201d. Para cerrar la jornada, de 18 a 19 horas, Franco Guereta, de Frutillas Fueguinas, ofrecer\u00e1 la charla \u201cAprendizajes de la Agricultura Fueguina\u201d.<\/p>\n<p>Adem\u00e1s de las propuestas formativas, las y los riograndenses podr\u00e1n disfrutar de espect\u00e1culos culturales en el escenario principal, jineteadas y cordero al palo en el campo de doma, y recorrer stands productivos y gastron\u00f3micos que reflejan el esfuerzo y la identidad de la producci\u00f3n local.<\/p>\n<p>Por medio de esta propuesta, el Municipio de R\u00edo Grande busca continuar generando espacios que promuevan el encuentro, la capacitaci\u00f3n y el v\u00ednculo entre las y los vecinos emprendedores y agroproductores de la ciudad, reafirmando su compromiso con el fortalecimiento de la Soberan\u00eda Alimentaria y la producci\u00f3n fueguina.<\/p>\n","protected":false},"excerpt":{"rendered":"<p>El Municipio de R\u00edo Grande invita a la comunidad a participar de la 5\u00aa Expo&#8230;<\/p>\n","protected":false},"author":1,"featured_media":57194,"comment_status":"closed","ping_status":"closed","sticky":false,"template":"","format":"standard","meta":{"footnotes":""},"categories":[3],"tags":[],"class_list":["post-57193","post","type-post","status-publish","format-standard","has-post-thumbnail","hentry","category-noticias"],"jetpack_featured_media_url":"https:\/\/hablemosclarotdf.com.ar\/wp-content\/uploads\/2025\/11\/photo_2025-11-08_10-53-06.jpg","_links":{"self":[{"href":"https:\/\/hablemosclarotdf.com.ar\/index.php?rest_route=\/wp\/v2\/posts\/57193","targetHints":{"allow":["GET"]}}],"collection":[{"href":"https:\/\/hablemosclarotdf.com.ar\/index.php?rest_route=\/wp\/v2\/posts"}],"about":[{"href":"https:\/\/hablemosclarotdf.com.ar\/index.php?rest_route=\/wp\/v2\/types\/post"}],"author":[{"embeddable":true,"href":"https:\/\/hablemosclarotdf.com.ar\/index.php?rest_route=\/wp\/v2\/users\/1"}],"replies":[{"embeddable":true,"href":"https:\/\/hablemosclarotdf.com.ar\/index.php?rest_route=%2Fwp%2Fv2%2Fcomments&post=57193"}],"version-history":[{"count":1,"href":"https:\/\/hablemosclarotdf.com.ar\/index.php?rest_route=\/wp\/v2\/posts\/57193\/revisions"}],"predecessor-version":[{"id":57195,"href":"https:\/\/hablemosclarotdf.com.ar\/index.php?rest_route=\/wp\/v2\/posts\/57193\/revisions\/57195"}],"wp:featuredmedia":[{"embeddable":true,"href":"https:\/\/hablemosclarotdf.com.ar\/index.php?rest_route=\/wp\/v2\/media\/57194"}],"wp:attachment":[{"href":"https:\/\/hablemosclarotdf.com.ar\/index.php?rest_route=%2Fwp%2Fv2%2Fmedia&parent=57193"}],"wp:term":[{"taxonomy":"category","embeddable":true,"href":"https:\/\/hablemosclarotdf.com.ar\/index.php?rest_route=%2Fwp%2Fv2%2Fcategories&post=57193"},{"taxonomy":"post_tag","embeddable":true,"href":"https:\/\/hablemosclarotdf.com.ar\/index.php?rest_route=%2Fwp%2Fv2%2Ftags&post=57193"}],"curies":[{"name":"wp","href":"https:\/\/api.w.org\/{rel}","templated":true}]}}