{"id":57154,"date":"2025-11-07T18:59:24","date_gmt":"2025-11-07T21:59:24","guid":{"rendered":"https:\/\/hablemosclarotdf.com.ar\/?p=57154"},"modified":"2025-11-07T18:59:24","modified_gmt":"2025-11-07T21:59:24","slug":"c-d-tolhuin-el-concejo-analizo-la-actualizacion-de-la-ordenanza-tarifaria-2026-y-programas-de-urbanizacion-junto-al-ejecutivo-%f0%9f%94%8e","status":"publish","type":"post","link":"https:\/\/hablemosclarotdf.com.ar\/?p=57154","title":{"rendered":"C.D.TOLHUIN : EL CONCEJO ANALIZ\u00d3 LA ACTUALIZACI\u00d3N DE LA ORDENANZA TARIFARIA 2026 Y PROGRAMAS DE URBANIZACI\u00d3N JUNTO AL EJECUTIVO \ud83d\udd0e"},"content":{"rendered":"<p>El Concejo Deliberante de Tolhuin llev\u00f3 adelante una intensa jornada de trabajo en comisiones, reafirmando su compromiso con la planificaci\u00f3n, el control y la gesti\u00f3n de los asuntos que impactan directamente en la comunidad.<br \/>\nEn primer t\u00e9rmino, se reuni\u00f3 la Comisi\u00f3n N\u00b01 de Hacienda, Presupuesto y Cuentas, presidida por la concejal Rosana del Valle Taberna, donde las y los ediles recibieron a la secretaria de Gobierno, Ana Paula Cejas, a la secretaria de Econom\u00eda y Hacienda, Luciana Alejandra Rivero, y al secretario de Planificaci\u00f3n, Hugo G\u00f3mez, para analizar el Asunto N\u00b01629\/25, vinculado al proyecto de actualizaci\u00f3n de la Ordenanza Tarifaria 2026.<br \/>\nDurante el encuentro se intercambiaron consultas t\u00e9cnicas y criterios administrativos sobre los alcances del proyecto, con el objetivo de garantizar un tratamiento responsable y equilibrado de la normativa que regula las tasas y contribuciones municipales.<br \/>\nEl proyecto propone adecuar la estructura tarifaria municipal a las condiciones econ\u00f3micas actuales, manteniendo la Unidad de Medida Municipal (M), creada en la ordenanza anterior y actualizada anualmente mediante el \u00edndice de Precios Mayoristas publicado por el INDEC. La iniciativa busca modernizar la normativa y actualizar los valores de referencia, asegurando previsibilidad en la gesti\u00f3n de los recursos municipales.<br \/>\nAsimismo, los concejales se reunieron en Comisi\u00f3n N\u00b02 de Obras P\u00fablicas, tambi\u00e9n presidida por la concejal Taberna para analizar programas como:<br \/>\nParque 59 \u2013 Cincuentenario: urbanizaci\u00f3n, mensura y regularizaci\u00f3n dominial en macizos 8, 56, 57 y 58.<br \/>\nProgramas 4 y 5: completamiento de redes de gas en los barrios Islas del Sur, Provincias Unidas y Procrear.<br \/>\nPrograma 6: ampliaci\u00f3n del Centro Integrador Comunitario (CIC) para mejorar la atenci\u00f3n a los vecinos.<br \/>\nPrograma de Accesibilidad Urbana: construcci\u00f3n de veredas y cord\u00f3n cuneta en sectores como Ex Matadero, Procrear y Campo de Doma.<br \/>\nPrograma de Mejoras Edilicias Municipales: refacci\u00f3n y puesta en valor de la Casa de la Cultura.<br \/>\nCentro de Interpretaci\u00f3n Ambiental: nueva obra en el predio del Ex Matadero destinada a promover la educaci\u00f3n ambiental.<br \/>\nDesde el Concejo se destac\u00f3 que estos espacios de trabajo reflejan el rol activo y comprometido de las y los concejales como representantes de todos los vecinos de Tolhuin, ejerciendo su funci\u00f3n de contralor, an\u00e1lisis y gesti\u00f3n, acompa\u00f1ando el desarrollo sostenido de Tolhuin y velando por una administraci\u00f3n municipal ordenada y eficiente.<\/p>\n<p><img loading=\"lazy\" decoding=\"async\" class=\"alignnone size-medium wp-image-57156\" src=\"https:\/\/hablemosclarotdf.com.ar\/wp-content\/uploads\/2025\/11\/photo_2025-11-07_18-58-01-300x225.jpg\" alt=\"\" width=\"300\" height=\"225\" srcset=\"https:\/\/hablemosclarotdf.com.ar\/wp-content\/uploads\/2025\/11\/photo_2025-11-07_18-58-01-300x225.jpg 300w, https:\/\/hablemosclarotdf.com.ar\/wp-content\/uploads\/2025\/11\/photo_2025-11-07_18-58-01-1024x768.jpg 1024w, https:\/\/hablemosclarotdf.com.ar\/wp-content\/uploads\/2025\/11\/photo_2025-11-07_18-58-01-768x576.jpg 768w, https:\/\/hablemosclarotdf.com.ar\/wp-content\/uploads\/2025\/11\/photo_2025-11-07_18-58-01.jpg 1280w\" sizes=\"auto, (max-width: 300px) 100vw, 300px\" \/> <img loading=\"lazy\" decoding=\"async\" class=\"alignnone size-medium wp-image-57157\" src=\"https:\/\/hablemosclarotdf.com.ar\/wp-content\/uploads\/2025\/11\/photo_2025-11-07_18-58-05-300x225.jpg\" alt=\"\" width=\"300\" height=\"225\" srcset=\"https:\/\/hablemosclarotdf.com.ar\/wp-content\/uploads\/2025\/11\/photo_2025-11-07_18-58-05-300x225.jpg 300w, https:\/\/hablemosclarotdf.com.ar\/wp-content\/uploads\/2025\/11\/photo_2025-11-07_18-58-05-1024x768.jpg 1024w, https:\/\/hablemosclarotdf.com.ar\/wp-content\/uploads\/2025\/11\/photo_2025-11-07_18-58-05-768x576.jpg 768w, https:\/\/hablemosclarotdf.com.ar\/wp-content\/uploads\/2025\/11\/photo_2025-11-07_18-58-05.jpg 1280w\" sizes=\"auto, (max-width: 300px) 100vw, 300px\" \/> <img loading=\"lazy\" decoding=\"async\" class=\"alignnone size-medium wp-image-57158\" src=\"https:\/\/hablemosclarotdf.com.ar\/wp-content\/uploads\/2025\/11\/photo_2025-11-07_18-58-09-300x225.jpg\" alt=\"\" width=\"300\" height=\"225\" srcset=\"https:\/\/hablemosclarotdf.com.ar\/wp-content\/uploads\/2025\/11\/photo_2025-11-07_18-58-09-300x225.jpg 300w, https:\/\/hablemosclarotdf.com.ar\/wp-content\/uploads\/2025\/11\/photo_2025-11-07_18-58-09-1024x768.jpg 1024w, https:\/\/hablemosclarotdf.com.ar\/wp-content\/uploads\/2025\/11\/photo_2025-11-07_18-58-09-768x576.jpg 768w, https:\/\/hablemosclarotdf.com.ar\/wp-content\/uploads\/2025\/11\/photo_2025-11-07_18-58-09.jpg 1280w\" sizes=\"auto, (max-width: 300px) 100vw, 300px\" \/><\/p>\n","protected":false},"excerpt":{"rendered":"<p>El Concejo Deliberante de Tolhuin llev\u00f3 adelante una intensa jornada de trabajo en comisiones, reafirmando&#8230;<\/p>\n","protected":false},"author":1,"featured_media":57155,"comment_status":"closed","ping_status":"closed","sticky":false,"template":"","format":"standard","meta":{"footnotes":""},"categories":[3],"tags":[],"class_list":["post-57154","post","type-post","status-publish","format-standard","has-post-thumbnail","hentry","category-noticias"],"jetpack_featured_media_url":"https:\/\/hablemosclarotdf.com.ar\/wp-content\/uploads\/2025\/11\/photo_2025-11-07_18-57-53.jpg","_links":{"self":[{"href":"https:\/\/hablemosclarotdf.com.ar\/index.php?rest_route=\/wp\/v2\/posts\/57154","targetHints":{"allow":["GET"]}}],"collection":[{"href":"https:\/\/hablemosclarotdf.com.ar\/index.php?rest_route=\/wp\/v2\/posts"}],"about":[{"href":"https:\/\/hablemosclarotdf.com.ar\/index.php?rest_route=\/wp\/v2\/types\/post"}],"author":[{"embeddable":true,"href":"https:\/\/hablemosclarotdf.com.ar\/index.php?rest_route=\/wp\/v2\/users\/1"}],"replies":[{"embeddable":true,"href":"https:\/\/hablemosclarotdf.com.ar\/index.php?rest_route=%2Fwp%2Fv2%2Fcomments&post=57154"}],"version-history":[{"count":1,"href":"https:\/\/hablemosclarotdf.com.ar\/index.php?rest_route=\/wp\/v2\/posts\/57154\/revisions"}],"predecessor-version":[{"id":57159,"href":"https:\/\/hablemosclarotdf.com.ar\/index.php?rest_route=\/wp\/v2\/posts\/57154\/revisions\/57159"}],"wp:featuredmedia":[{"embeddable":true,"href":"https:\/\/hablemosclarotdf.com.ar\/index.php?rest_route=\/wp\/v2\/media\/57155"}],"wp:attachment":[{"href":"https:\/\/hablemosclarotdf.com.ar\/index.php?rest_route=%2Fwp%2Fv2%2Fmedia&parent=57154"}],"wp:term":[{"taxonomy":"category","embeddable":true,"href":"https:\/\/hablemosclarotdf.com.ar\/index.php?rest_route=%2Fwp%2Fv2%2Fcategories&post=57154"},{"taxonomy":"post_tag","embeddable":true,"href":"https:\/\/hablemosclarotdf.com.ar\/index.php?rest_route=%2Fwp%2Fv2%2Ftags&post=57154"}],"curies":[{"name":"wp","href":"https:\/\/api.w.org\/{rel}","templated":true}]}}