{"id":57045,"date":"2025-11-07T10:15:56","date_gmt":"2025-11-07T13:15:56","guid":{"rendered":"https:\/\/hablemosclarotdf.com.ar\/?p=57045"},"modified":"2025-11-07T10:15:56","modified_gmt":"2025-11-07T13:15:56","slug":"propuestas-formativas-para-las-juventudes-edicion-navidena-y-egresados","status":"publish","type":"post","link":"https:\/\/hablemosclarotdf.com.ar\/?p=57045","title":{"rendered":"PROPUESTAS FORMATIVAS PARA LAS JUVENTUDES: EDICI\u00d3N NAVIDE\u00d1A Y EGRESADOS"},"content":{"rendered":"<p>La Secretar\u00eda de Pol\u00edticas para las Juventudes anunci\u00f3 una nueva serie de seminarios y talleres gratuitos en las tres ciudades, pensados para acompa\u00f1ar el cierre del a\u00f1o con espacios de formaci\u00f3n, creatividad y encuentro.<\/p>\n<p>Durante noviembre y diciembre, las juventudes fueguinas podr\u00e1n participar de propuestas que combinan aprendizaje pr\u00e1ctico, recreaci\u00f3n y capacitaci\u00f3n en oficios, celebrando el esp\u00edritu de fin de a\u00f1o y el inicio de nuevas etapas.<\/p>\n<p>Edici\u00f3n Egresados, seminarios especiales pensados para acompa\u00f1ar a quienes cierran una etapa escolar y comienzan nuevos caminos.<\/p>\n<p>&#8211; Seminario de Automaquillaje<br \/>\nTolhuin | 9 de noviembre<br \/>\nUshuaia | 14 de noviembre<br \/>\nR\u00edo Grande | 15 de noviembre<\/p>\n<p>&#8211; Seminario de Semipermanente y Dise\u00f1o de U\u00f1as<br \/>\nTolhuin | 13 de noviembre<br \/>\nUshuaia | 27 de noviembre<br \/>\nR\u00edo Grande | 5 de diciembre<\/p>\n<p>Edici\u00f3n Navide\u00f1a, talleres para crear, emprender y compartir, una propuesta para vivir las fiestas con creatividad, producci\u00f3n propia y esp\u00edritu comunitario.<\/p>\n<p>&#8211; Encuadernaci\u00f3n Artesanal<br \/>\nTolhuin | 25 de noviembre<br \/>\nR\u00edo Grande | 2 de diciembre<br \/>\nUshuaia | 14 de diciembre<\/p>\n<p>&#8211; Alimentaci\u00f3n Saludable Navide\u00f1a<br \/>\nTolhuin | 9 de diciembre<br \/>\nUshuaia | 13 de diciembre<br \/>\nR\u00edo Grande | 16 de diciembre<\/p>\n<p>&#8211; Potenci\u00e1 tu Emprendimiento, Edici\u00f3n Navide\u00f1a<br \/>\nTolhuin | 5 de diciembre<br \/>\nR\u00edo Grande | 12 de diciembre<br \/>\nUshuaia | 15 de diciembre<\/p>\n<p>&#8211; Cosm\u00e9tica Natural Navide\u00f1a<br \/>\nTolhuin | 29 de noviembre<br \/>\nUshuaia | 6 de diciembre<br \/>\nR\u00edo Grande | 9 de diciembre<\/p>\n<p>&#8211; Decoraci\u00f3n y Cuadros Navide\u00f1os<br \/>\nUshuaia | 28 de noviembre<br \/>\nTolhuin | 18 de diciembre<br \/>\nR\u00edo Grande | 20 de diciembre<\/p>\n<p>Inscripciones abiertas: https:\/\/forms.gle\/S9rFMwAwJH9JWTR99.<\/p>\n<p>Estos espacios promueven el desarrollo de habilidades creativas y oficios con salida laboral, fortaleciendo la autonom\u00eda y el trabajo colectivo de las juventudes fueguinas.<\/p>\n<p><img loading=\"lazy\" decoding=\"async\" class=\"alignnone size-medium wp-image-57047\" src=\"https:\/\/hablemosclarotdf.com.ar\/wp-content\/uploads\/2025\/11\/photo_2025-11-07_10-14-20-240x300.jpg\" alt=\"\" width=\"240\" height=\"300\" srcset=\"https:\/\/hablemosclarotdf.com.ar\/wp-content\/uploads\/2025\/11\/photo_2025-11-07_10-14-20-240x300.jpg 240w, https:\/\/hablemosclarotdf.com.ar\/wp-content\/uploads\/2025\/11\/photo_2025-11-07_10-14-20-819x1024.jpg 819w, https:\/\/hablemosclarotdf.com.ar\/wp-content\/uploads\/2025\/11\/photo_2025-11-07_10-14-20-768x960.jpg 768w, https:\/\/hablemosclarotdf.com.ar\/wp-content\/uploads\/2025\/11\/photo_2025-11-07_10-14-20.jpg 1024w\" sizes=\"auto, (max-width: 240px) 100vw, 240px\" \/> <img loading=\"lazy\" decoding=\"async\" class=\"alignnone size-medium wp-image-57048\" src=\"https:\/\/hablemosclarotdf.com.ar\/wp-content\/uploads\/2025\/11\/photo_2025-11-07_10-14-24-240x300.jpg\" alt=\"\" width=\"240\" height=\"300\" srcset=\"https:\/\/hablemosclarotdf.com.ar\/wp-content\/uploads\/2025\/11\/photo_2025-11-07_10-14-24-240x300.jpg 240w, https:\/\/hablemosclarotdf.com.ar\/wp-content\/uploads\/2025\/11\/photo_2025-11-07_10-14-24-819x1024.jpg 819w, https:\/\/hablemosclarotdf.com.ar\/wp-content\/uploads\/2025\/11\/photo_2025-11-07_10-14-24-768x960.jpg 768w, https:\/\/hablemosclarotdf.com.ar\/wp-content\/uploads\/2025\/11\/photo_2025-11-07_10-14-24.jpg 1024w\" sizes=\"auto, (max-width: 240px) 100vw, 240px\" \/><\/p>\n","protected":false},"excerpt":{"rendered":"<p>La Secretar\u00eda de Pol\u00edticas para las Juventudes anunci\u00f3 una nueva serie de seminarios y talleres&#8230;<\/p>\n","protected":false},"author":1,"featured_media":57046,"comment_status":"closed","ping_status":"closed","sticky":false,"template":"","format":"standard","meta":{"footnotes":""},"categories":[3],"tags":[],"class_list":["post-57045","post","type-post","status-publish","format-standard","has-post-thumbnail","hentry","category-noticias"],"jetpack_featured_media_url":"https:\/\/hablemosclarotdf.com.ar\/wp-content\/uploads\/2025\/11\/photo_2025-11-07_10-14-16.jpg","_links":{"self":[{"href":"https:\/\/hablemosclarotdf.com.ar\/index.php?rest_route=\/wp\/v2\/posts\/57045","targetHints":{"allow":["GET"]}}],"collection":[{"href":"https:\/\/hablemosclarotdf.com.ar\/index.php?rest_route=\/wp\/v2\/posts"}],"about":[{"href":"https:\/\/hablemosclarotdf.com.ar\/index.php?rest_route=\/wp\/v2\/types\/post"}],"author":[{"embeddable":true,"href":"https:\/\/hablemosclarotdf.com.ar\/index.php?rest_route=\/wp\/v2\/users\/1"}],"replies":[{"embeddable":true,"href":"https:\/\/hablemosclarotdf.com.ar\/index.php?rest_route=%2Fwp%2Fv2%2Fcomments&post=57045"}],"version-history":[{"count":1,"href":"https:\/\/hablemosclarotdf.com.ar\/index.php?rest_route=\/wp\/v2\/posts\/57045\/revisions"}],"predecessor-version":[{"id":57049,"href":"https:\/\/hablemosclarotdf.com.ar\/index.php?rest_route=\/wp\/v2\/posts\/57045\/revisions\/57049"}],"wp:featuredmedia":[{"embeddable":true,"href":"https:\/\/hablemosclarotdf.com.ar\/index.php?rest_route=\/wp\/v2\/media\/57046"}],"wp:attachment":[{"href":"https:\/\/hablemosclarotdf.com.ar\/index.php?rest_route=%2Fwp%2Fv2%2Fmedia&parent=57045"}],"wp:term":[{"taxonomy":"category","embeddable":true,"href":"https:\/\/hablemosclarotdf.com.ar\/index.php?rest_route=%2Fwp%2Fv2%2Fcategories&post=57045"},{"taxonomy":"post_tag","embeddable":true,"href":"https:\/\/hablemosclarotdf.com.ar\/index.php?rest_route=%2Fwp%2Fv2%2Ftags&post=57045"}],"curies":[{"name":"wp","href":"https:\/\/api.w.org\/{rel}","templated":true}]}}