{"id":57008,"date":"2025-11-06T19:19:56","date_gmt":"2025-11-06T22:19:56","guid":{"rendered":"https:\/\/hablemosclarotdf.com.ar\/?p=57008"},"modified":"2025-11-06T19:19:56","modified_gmt":"2025-11-06T22:19:56","slug":"corte-programado-del-servicio-electrico-en-tolhuin-25","status":"publish","type":"post","link":"https:\/\/hablemosclarotdf.com.ar\/?p=57008","title":{"rendered":"CORTE PROGRAMADO DEL SERVICIO EL\u00c9CTRICO EN TOLHUIN"},"content":{"rendered":"<p>La Direcci\u00f3n Provincial de Energ\u00eda informa a la comunidad de Tolhuin que, debido a tareas de mantenimiento en la usina, se llevar\u00e1 a cabo un corte programado del servicio el\u00e9ctrico el viernes 7 de noviembre, entre las 3:00 y las 8:00 horas aproximadamente.<\/p>\n<p>Los sectores afectados ser\u00e1n los siguientes:<\/p>\n<p>\u25cfZona Sur:<br \/>\nBarrios cercanos a la RN3, desde calle Kovacic hacia el Sur, hasta el Camping de Laguna del Indio.<\/p>\n<p>\u25cfBarrio Kareken<\/p>\n<p>Parque Industrial (sector aserraderos)<\/p>\n<p>Loteos del R\u00edo Turbio<\/p>\n<p>Barrio Ecopueblo II<\/p>\n<p>\u25cfZona Av. Gendarmer\u00eda Nacional (RP1):<br \/>\nDesde Emilio Blanco hasta la cabecera del Lago Fagnano.<\/p>\n<p>\u25cfBarrio Centro Empleados de Comercio<\/p>\n<p>Barrio Los Naranjos<\/p>\n<p>Barrio Tierra de \u00d1ires<\/p>\n<p>Barrio Islas del Sur<\/p>\n<p>\u25cfBarrio 9 de Octubre y Altos de la Monta\u00f1a<\/p>\n<p>\u25cfBarrios cercanos a calle Justo Jos\u00e9 de Urquiza, incluyendo:<\/p>\n<p>Macizos del Barrio Provincias Unidas (entre las calles 17 de Agosto, 27 de Febrero, Julio Argentino Roca, Justo Jos\u00e9 de Urquiza y Dardo Cabo)<\/p>\n<p>Barrio Procrear<\/p>\n<p>Zona campo de jineteada<\/p>\n<p>Sepan disculpar las molestias ocasionadas.<\/p>\n","protected":false},"excerpt":{"rendered":"<p>La Direcci\u00f3n Provincial de Energ\u00eda informa a la comunidad de Tolhuin que, debido a tareas&#8230;<\/p>\n","protected":false},"author":1,"featured_media":57009,"comment_status":"closed","ping_status":"closed","sticky":false,"template":"","format":"standard","meta":{"footnotes":""},"categories":[3],"tags":[],"class_list":["post-57008","post","type-post","status-publish","format-standard","has-post-thumbnail","hentry","category-noticias"],"jetpack_featured_media_url":"https:\/\/hablemosclarotdf.com.ar\/wp-content\/uploads\/2025\/11\/photo_2025-11-06_19-19-27.jpg","_links":{"self":[{"href":"https:\/\/hablemosclarotdf.com.ar\/index.php?rest_route=\/wp\/v2\/posts\/57008","targetHints":{"allow":["GET"]}}],"collection":[{"href":"https:\/\/hablemosclarotdf.com.ar\/index.php?rest_route=\/wp\/v2\/posts"}],"about":[{"href":"https:\/\/hablemosclarotdf.com.ar\/index.php?rest_route=\/wp\/v2\/types\/post"}],"author":[{"embeddable":true,"href":"https:\/\/hablemosclarotdf.com.ar\/index.php?rest_route=\/wp\/v2\/users\/1"}],"replies":[{"embeddable":true,"href":"https:\/\/hablemosclarotdf.com.ar\/index.php?rest_route=%2Fwp%2Fv2%2Fcomments&post=57008"}],"version-history":[{"count":1,"href":"https:\/\/hablemosclarotdf.com.ar\/index.php?rest_route=\/wp\/v2\/posts\/57008\/revisions"}],"predecessor-version":[{"id":57010,"href":"https:\/\/hablemosclarotdf.com.ar\/index.php?rest_route=\/wp\/v2\/posts\/57008\/revisions\/57010"}],"wp:featuredmedia":[{"embeddable":true,"href":"https:\/\/hablemosclarotdf.com.ar\/index.php?rest_route=\/wp\/v2\/media\/57009"}],"wp:attachment":[{"href":"https:\/\/hablemosclarotdf.com.ar\/index.php?rest_route=%2Fwp%2Fv2%2Fmedia&parent=57008"}],"wp:term":[{"taxonomy":"category","embeddable":true,"href":"https:\/\/hablemosclarotdf.com.ar\/index.php?rest_route=%2Fwp%2Fv2%2Fcategories&post=57008"},{"taxonomy":"post_tag","embeddable":true,"href":"https:\/\/hablemosclarotdf.com.ar\/index.php?rest_route=%2Fwp%2Fv2%2Ftags&post=57008"}],"curies":[{"name":"wp","href":"https:\/\/api.w.org\/{rel}","templated":true}]}}