{"id":56992,"date":"2025-11-06T19:09:39","date_gmt":"2025-11-06T22:09:39","guid":{"rendered":"https:\/\/hablemosclarotdf.com.ar\/?p=56992"},"modified":"2025-11-06T19:09:39","modified_gmt":"2025-11-06T22:09:39","slug":"ushuaia-la-municipalidad-presentara-la-inauguracion-de-la-exhibicion-narrativas-especulativas-este-sabado-15-de-noviembre-en-la-antigua-casa-beban","status":"publish","type":"post","link":"https:\/\/hablemosclarotdf.com.ar\/?p=56992","title":{"rendered":"USHUAIA : LA MUNICIPALIDAD  PRESENTAR\u00c1 LA INAUGURACI\u00d3N DE LA EXHIBICI\u00d3N \u201cNARRATIVAS ESPECULATIVAS\u201d ESTE S\u00c1BADO 15 DE NOVIEMBRE EN LA ANTIGUA CASA BEBAN"},"content":{"rendered":"<p>La propuesta es parte de la Noche de los Museos<\/p>\n<p>La Secretar\u00eda de Cultura y Educaci\u00f3n de la Municipalidad de Ushuaia, en articulaci\u00f3n con la Casa de las Artes de la Universidad Nacional de Tierra del Fuego, presentar\u00e1 este s\u00e1bado 15 de noviembre a las 18:00 horas en la Antigua Casa Beban la inauguraci\u00f3n de la exhibici\u00f3n colectiva \u201cNarrativas especulativas\u201d.<br \/>\nDicha propuesta, que se da en el marco de la Noche de los Museos, cuenta con el acompa\u00f1amiento de la UNTDF, la Universidad Tres de Febrero, la Alianza Francesa de Tierra del Fuego y el Instituto Polit\u00e9cnico de Par\u00eds, parte de una colaboraci\u00f3n y trabajo en conjunto a trav\u00e9s del programa franco argentino de arte e innovaci\u00f3n INNOVART. La misma presentar\u00e1 trabajos de investigaci\u00f3n y experimentaci\u00f3n art\u00edstica en cruce disciplinario con la ciencia y la tecnolog\u00eda de Juan Ford, Ana Laura Cantera, Gabriela Mungu\u00eda, Jean-Marc Chomaz, Olivier Doar\u00e9 y Quentin Benelfoul pudiendo ser visitada el d\u00eda s\u00e1bado 15 de 18:00 a 23:00 horas, el domingo 16 de 16:00 a 20:00 horas y el lunes 17 de 10:00 a 18:00 horas con una visita guiada a cargo de los artistas a las 16:30 horas.<br \/>\nBel\u00e9n Molina, secretaria de Cultura y Educaci\u00f3n, resalt\u00f3 que \u201cnos llena de orgullo contar con esta muestra en nuestra querida Casa Beban, donde artistas argentinos y franceses compartir\u00e1n con la comunidad su visi\u00f3n de c\u00f3mo las nuevas tecnolog\u00edas se entrecruzan con el arte. Desde la gesti\u00f3n municipal, seguimos trabajando en fortalecer la agenda cultural y acercar a los vecinos y vecinas propuestas distintas\u201d.<br \/>\nJuan Ford, profesor y artista parte de la exhibici\u00f3n \u201cNarrativas especulativas\u201d, destac\u00f3 que \u201cpara nosotros es de suma importancia estar en un lugar hist\u00f3rico y desde ah\u00ed poder compartir nuevas formas de narrar y prototipar el ma\u00f1ana. Las obras que all\u00ed en la muestra podr\u00e1n ver, recorrer y experimentar van desde el arte electr\u00f3nico al bioarte, con desarrollos tecnol\u00f3gicos, lenguajes h\u00edbridos en el cruce de ciencia y tecnolog\u00eda\u201d.<br \/>\nQui\u00e9nes deseen conocer m\u00e1s sobre la exhibici\u00f3n colectiva \u201cNarrativas especulativas\u201d, as\u00ed como las actividades vinculadas a la Noche de los Museos, las y los interesados podr\u00e1n visitar las redes sociales de la Secretar\u00eda de Cultura y Educaci\u00f3n en @culturayeducacionush.<\/p>\n","protected":false},"excerpt":{"rendered":"<p>La propuesta es parte de la Noche de los Museos La Secretar\u00eda de Cultura y&#8230;<\/p>\n","protected":false},"author":1,"featured_media":56993,"comment_status":"closed","ping_status":"closed","sticky":false,"template":"","format":"standard","meta":{"footnotes":""},"categories":[3],"tags":[],"class_list":["post-56992","post","type-post","status-publish","format-standard","has-post-thumbnail","hentry","category-noticias"],"jetpack_featured_media_url":"https:\/\/hablemosclarotdf.com.ar\/wp-content\/uploads\/2025\/11\/photo_2025-11-06_19-08-57.jpg","_links":{"self":[{"href":"https:\/\/hablemosclarotdf.com.ar\/index.php?rest_route=\/wp\/v2\/posts\/56992","targetHints":{"allow":["GET"]}}],"collection":[{"href":"https:\/\/hablemosclarotdf.com.ar\/index.php?rest_route=\/wp\/v2\/posts"}],"about":[{"href":"https:\/\/hablemosclarotdf.com.ar\/index.php?rest_route=\/wp\/v2\/types\/post"}],"author":[{"embeddable":true,"href":"https:\/\/hablemosclarotdf.com.ar\/index.php?rest_route=\/wp\/v2\/users\/1"}],"replies":[{"embeddable":true,"href":"https:\/\/hablemosclarotdf.com.ar\/index.php?rest_route=%2Fwp%2Fv2%2Fcomments&post=56992"}],"version-history":[{"count":1,"href":"https:\/\/hablemosclarotdf.com.ar\/index.php?rest_route=\/wp\/v2\/posts\/56992\/revisions"}],"predecessor-version":[{"id":56994,"href":"https:\/\/hablemosclarotdf.com.ar\/index.php?rest_route=\/wp\/v2\/posts\/56992\/revisions\/56994"}],"wp:featuredmedia":[{"embeddable":true,"href":"https:\/\/hablemosclarotdf.com.ar\/index.php?rest_route=\/wp\/v2\/media\/56993"}],"wp:attachment":[{"href":"https:\/\/hablemosclarotdf.com.ar\/index.php?rest_route=%2Fwp%2Fv2%2Fmedia&parent=56992"}],"wp:term":[{"taxonomy":"category","embeddable":true,"href":"https:\/\/hablemosclarotdf.com.ar\/index.php?rest_route=%2Fwp%2Fv2%2Fcategories&post=56992"},{"taxonomy":"post_tag","embeddable":true,"href":"https:\/\/hablemosclarotdf.com.ar\/index.php?rest_route=%2Fwp%2Fv2%2Ftags&post=56992"}],"curies":[{"name":"wp","href":"https:\/\/api.w.org\/{rel}","templated":true}]}}