{"id":56984,"date":"2025-11-06T14:09:43","date_gmt":"2025-11-06T17:09:43","guid":{"rendered":"https:\/\/hablemosclarotdf.com.ar\/?p=56984"},"modified":"2025-11-06T14:09:43","modified_gmt":"2025-11-06T17:09:43","slug":"ushuaia-el-municipio-realiza-el-mantenimiento-de-pluviales-en-el-barrio-kaupen","status":"publish","type":"post","link":"https:\/\/hablemosclarotdf.com.ar\/?p=56984","title":{"rendered":"USHUAIA : EL MUNICIPIO REALIZA EL   MANTENIMIENTO DE PLUVIALES EN EL BARRIO KAUP\u00c9N"},"content":{"rendered":"<p>La mejora de las condiciones clim\u00e1ticas permite al personal del \u00e1rea de Servicios P\u00fablicos de la Municipalidad de Ushuaia avanzar con los trabajos de remediaci\u00f3n en sectores de la ciudad que fueron afectados por el temporal de lluvia que se produjo d\u00edas atr\u00e1s.<br \/>\nDesobstrucci\u00f3n de pluviales, limpieza de alcantarillas y reacondicionamiento de calles de tierra son algunas de las tareas que se llevan adelante teniendo en cuenta que, adem\u00e1s, para este s\u00e1bado est\u00e1n pronosticadas precipitaciones intensas.<br \/>\nUno de los lugares en los que intervino el personal municipal es la calle Anuka, acceso principal al barrio Kaup\u00e9n y otros del Macizo KyD. Se trata de una arteria de pendiente pronunciada que fue severamente afectada por el caudal de agua.<br \/>\nAll\u00ed se realiz\u00f3 la remoci\u00f3n de sedimentos y barro acumulado en pluviales, el recambio de tapas de los mismos, el retiro de residuos y el emparejamiento de la calzada con motoniveladora.<br \/>\nLa secretaria de Planificaci\u00f3n e Inversi\u00f3n P\u00fablica del Municipio, Bel\u00e9n Borgna, record\u00f3 que por la cantidad de agua ca\u00edda y la topograf\u00eda de la ciudad \u201ccolapsaron los sistemas de drenaje\u201d y eso afect\u00f3 a distintos barrios, pero \u201cen t\u00e9rminos generales la red funcion\u00f3 bien porque se realiza mantenimiento todo el a\u00f1o\u201d.<br \/>\nFinalmente, expres\u00f3 que tras el temporal \u201cse aceleraron las tareas de mejoramiento y prevenci\u00f3n a cargo del personal de distintas \u00e1reas del Municipio\u201d.<\/p>\n<p><img loading=\"lazy\" decoding=\"async\" class=\"alignnone size-medium wp-image-56987\" src=\"https:\/\/hablemosclarotdf.com.ar\/wp-content\/uploads\/2025\/11\/photo_2025-11-06_14-08-20-300x200.jpg\" alt=\"\" width=\"300\" height=\"200\" srcset=\"https:\/\/hablemosclarotdf.com.ar\/wp-content\/uploads\/2025\/11\/photo_2025-11-06_14-08-20-300x200.jpg 300w, https:\/\/hablemosclarotdf.com.ar\/wp-content\/uploads\/2025\/11\/photo_2025-11-06_14-08-20-1024x682.jpg 1024w, https:\/\/hablemosclarotdf.com.ar\/wp-content\/uploads\/2025\/11\/photo_2025-11-06_14-08-20-768x512.jpg 768w, https:\/\/hablemosclarotdf.com.ar\/wp-content\/uploads\/2025\/11\/photo_2025-11-06_14-08-20.jpg 1280w\" sizes=\"auto, (max-width: 300px) 100vw, 300px\" \/> <img loading=\"lazy\" decoding=\"async\" class=\"alignnone size-medium wp-image-56988\" src=\"https:\/\/hablemosclarotdf.com.ar\/wp-content\/uploads\/2025\/11\/photo_2025-11-06_14-08-17-300x200.jpg\" alt=\"\" width=\"300\" height=\"200\" srcset=\"https:\/\/hablemosclarotdf.com.ar\/wp-content\/uploads\/2025\/11\/photo_2025-11-06_14-08-17-300x200.jpg 300w, https:\/\/hablemosclarotdf.com.ar\/wp-content\/uploads\/2025\/11\/photo_2025-11-06_14-08-17-1024x682.jpg 1024w, https:\/\/hablemosclarotdf.com.ar\/wp-content\/uploads\/2025\/11\/photo_2025-11-06_14-08-17-768x512.jpg 768w, https:\/\/hablemosclarotdf.com.ar\/wp-content\/uploads\/2025\/11\/photo_2025-11-06_14-08-17.jpg 1280w\" sizes=\"auto, (max-width: 300px) 100vw, 300px\" \/> <img loading=\"lazy\" decoding=\"async\" class=\"alignnone size-medium wp-image-56989\" src=\"https:\/\/hablemosclarotdf.com.ar\/wp-content\/uploads\/2025\/11\/photo_2025-11-06_14-08-29-300x200.jpg\" alt=\"\" width=\"300\" height=\"200\" srcset=\"https:\/\/hablemosclarotdf.com.ar\/wp-content\/uploads\/2025\/11\/photo_2025-11-06_14-08-29-300x200.jpg 300w, https:\/\/hablemosclarotdf.com.ar\/wp-content\/uploads\/2025\/11\/photo_2025-11-06_14-08-29-1024x683.jpg 1024w, https:\/\/hablemosclarotdf.com.ar\/wp-content\/uploads\/2025\/11\/photo_2025-11-06_14-08-29-768x512.jpg 768w, https:\/\/hablemosclarotdf.com.ar\/wp-content\/uploads\/2025\/11\/photo_2025-11-06_14-08-29.jpg 1280w\" sizes=\"auto, (max-width: 300px) 100vw, 300px\" \/> <img loading=\"lazy\" decoding=\"async\" class=\"alignnone size-medium wp-image-56990\" src=\"https:\/\/hablemosclarotdf.com.ar\/wp-content\/uploads\/2025\/11\/photo_2025-11-06_14-08-33-300x200.jpg\" alt=\"\" width=\"300\" height=\"200\" srcset=\"https:\/\/hablemosclarotdf.com.ar\/wp-content\/uploads\/2025\/11\/photo_2025-11-06_14-08-33-300x200.jpg 300w, https:\/\/hablemosclarotdf.com.ar\/wp-content\/uploads\/2025\/11\/photo_2025-11-06_14-08-33-1024x682.jpg 1024w, https:\/\/hablemosclarotdf.com.ar\/wp-content\/uploads\/2025\/11\/photo_2025-11-06_14-08-33-768x512.jpg 768w, https:\/\/hablemosclarotdf.com.ar\/wp-content\/uploads\/2025\/11\/photo_2025-11-06_14-08-33.jpg 1280w\" sizes=\"auto, (max-width: 300px) 100vw, 300px\" \/><\/p>\n","protected":false},"excerpt":{"rendered":"<p>La mejora de las condiciones clim\u00e1ticas permite al personal del \u00e1rea de Servicios P\u00fablicos de&#8230;<\/p>\n","protected":false},"author":1,"featured_media":56986,"comment_status":"closed","ping_status":"closed","sticky":false,"template":"","format":"standard","meta":{"footnotes":""},"categories":[3],"tags":[],"class_list":["post-56984","post","type-post","status-publish","format-standard","has-post-thumbnail","hentry","category-noticias"],"jetpack_featured_media_url":"https:\/\/hablemosclarotdf.com.ar\/wp-content\/uploads\/2025\/11\/photo_2025-11-06_14-08-12.jpg","_links":{"self":[{"href":"https:\/\/hablemosclarotdf.com.ar\/index.php?rest_route=\/wp\/v2\/posts\/56984","targetHints":{"allow":["GET"]}}],"collection":[{"href":"https:\/\/hablemosclarotdf.com.ar\/index.php?rest_route=\/wp\/v2\/posts"}],"about":[{"href":"https:\/\/hablemosclarotdf.com.ar\/index.php?rest_route=\/wp\/v2\/types\/post"}],"author":[{"embeddable":true,"href":"https:\/\/hablemosclarotdf.com.ar\/index.php?rest_route=\/wp\/v2\/users\/1"}],"replies":[{"embeddable":true,"href":"https:\/\/hablemosclarotdf.com.ar\/index.php?rest_route=%2Fwp%2Fv2%2Fcomments&post=56984"}],"version-history":[{"count":2,"href":"https:\/\/hablemosclarotdf.com.ar\/index.php?rest_route=\/wp\/v2\/posts\/56984\/revisions"}],"predecessor-version":[{"id":56991,"href":"https:\/\/hablemosclarotdf.com.ar\/index.php?rest_route=\/wp\/v2\/posts\/56984\/revisions\/56991"}],"wp:featuredmedia":[{"embeddable":true,"href":"https:\/\/hablemosclarotdf.com.ar\/index.php?rest_route=\/wp\/v2\/media\/56986"}],"wp:attachment":[{"href":"https:\/\/hablemosclarotdf.com.ar\/index.php?rest_route=%2Fwp%2Fv2%2Fmedia&parent=56984"}],"wp:term":[{"taxonomy":"category","embeddable":true,"href":"https:\/\/hablemosclarotdf.com.ar\/index.php?rest_route=%2Fwp%2Fv2%2Fcategories&post=56984"},{"taxonomy":"post_tag","embeddable":true,"href":"https:\/\/hablemosclarotdf.com.ar\/index.php?rest_route=%2Fwp%2Fv2%2Ftags&post=56984"}],"curies":[{"name":"wp","href":"https:\/\/api.w.org\/{rel}","templated":true}]}}