{"id":56963,"date":"2025-11-06T12:52:54","date_gmt":"2025-11-06T15:52:54","guid":{"rendered":"https:\/\/hablemosclarotdf.com.ar\/?p=56963"},"modified":"2025-11-06T12:52:54","modified_gmt":"2025-11-06T15:52:54","slug":"vuelve-tu-mercado-a-tolhuin-con-una-propuesta-renovada-para-toda-la-familia","status":"publish","type":"post","link":"https:\/\/hablemosclarotdf.com.ar\/?p=56963","title":{"rendered":"VUELVE \u201cTU MERCADO\u201d A TOLHUIN CON UNA PROPUESTA RENOVADA PARA TODA LA FAMILIA"},"content":{"rendered":"<p>El Gobierno de la Provincia, a trav\u00e9s del Ministerio de Econom\u00eda, anunci\u00f3 una nueva edici\u00f3n de \u201cTu Mercado\u201d en la ciudad de Tolhuin, una iniciativa que contin\u00faa consolid\u00e1ndose como pol\u00edtica p\u00fablica de cercan\u00eda, cuidado y fortalecimiento del entramado local.<\/p>\n<p>La jornada se desarrollar\u00e1 el s\u00e1bado 8 y domingo 9 de noviembre, en el Colegio Provincial Ram\u00f3n A. Trejo Noel (Santiago Rupatini 379), con una propuesta integral que combina productos esenciales, producci\u00f3n local, salud y actividades culturales.<\/p>\n<p>Sobre la nueva realizaci\u00f3n de la jornada, el ministro de Econom\u00eda, Francisco Devita expres\u00f3 que siempre es una alegr\u00eda anunciar estas acciones, porque sabemos que Tu Mercado no es solo una feria, es una pol\u00edtica p\u00fablica que acompa\u00f1a, escucha y construye comunidad. Cada edici\u00f3n es una oportunidad para que el Estado est\u00e9 presente donde m\u00e1s se necesita.<\/p>\n<p>Vecinas y vecinos podr\u00e1n acceder a productos de la canasta b\u00e1sica a precios accesibles, as\u00ed como a una variada oferta de emprendimientos locales, artesan\u00edas, gastronom\u00eda regional y creaciones manuales. Adem\u00e1s, estar\u00e1 presente el stand de salud, donde se realizar\u00e1 la entrega gratuita de vitamina D y la colocaci\u00f3n de vacunas, promoviendo el acceso a derechos y el cuidado integral de la comunidad.<\/p>\n<p>Al respecto, el ministro de Econom\u00eda, Francisco Devita, destac\u00f3 que la propuesta tambi\u00e9n incluir\u00e1 espacios culturales y recreativos para disfrutar en familia. El s\u00e1bado a las 18:00 h, se presentar\u00e1 un show de piano y canto a cargo de la profesora Brisa Pereyra, quien compartir\u00e1 su arte con el p\u00fablico. En tanto, el domingo de 16 a 18 h, se dictar\u00e1 un seminario de maquillaje, ideal para quienes deseen aprender nuevas t\u00e9cnicas o iniciarse en el rubro.<\/p>\n<p>Tu Mercado es mucho m\u00e1s que una feria: es un espacio de encuentro, de acceso y de construcci\u00f3n colectiva. Una propuesta que crece con cada edici\u00f3n, impulsando la econom\u00eda local y promoviendo el bienestar de todas y todos.<\/p>\n","protected":false},"excerpt":{"rendered":"<p>El Gobierno de la Provincia, a trav\u00e9s del Ministerio de Econom\u00eda, anunci\u00f3 una nueva edici\u00f3n&#8230;<\/p>\n","protected":false},"author":1,"featured_media":56964,"comment_status":"closed","ping_status":"closed","sticky":false,"template":"","format":"standard","meta":{"footnotes":""},"categories":[3],"tags":[],"class_list":["post-56963","post","type-post","status-publish","format-standard","has-post-thumbnail","hentry","category-noticias"],"jetpack_featured_media_url":"https:\/\/hablemosclarotdf.com.ar\/wp-content\/uploads\/2025\/11\/photo_2025-11-06_12-52-28.jpg","_links":{"self":[{"href":"https:\/\/hablemosclarotdf.com.ar\/index.php?rest_route=\/wp\/v2\/posts\/56963","targetHints":{"allow":["GET"]}}],"collection":[{"href":"https:\/\/hablemosclarotdf.com.ar\/index.php?rest_route=\/wp\/v2\/posts"}],"about":[{"href":"https:\/\/hablemosclarotdf.com.ar\/index.php?rest_route=\/wp\/v2\/types\/post"}],"author":[{"embeddable":true,"href":"https:\/\/hablemosclarotdf.com.ar\/index.php?rest_route=\/wp\/v2\/users\/1"}],"replies":[{"embeddable":true,"href":"https:\/\/hablemosclarotdf.com.ar\/index.php?rest_route=%2Fwp%2Fv2%2Fcomments&post=56963"}],"version-history":[{"count":1,"href":"https:\/\/hablemosclarotdf.com.ar\/index.php?rest_route=\/wp\/v2\/posts\/56963\/revisions"}],"predecessor-version":[{"id":56965,"href":"https:\/\/hablemosclarotdf.com.ar\/index.php?rest_route=\/wp\/v2\/posts\/56963\/revisions\/56965"}],"wp:featuredmedia":[{"embeddable":true,"href":"https:\/\/hablemosclarotdf.com.ar\/index.php?rest_route=\/wp\/v2\/media\/56964"}],"wp:attachment":[{"href":"https:\/\/hablemosclarotdf.com.ar\/index.php?rest_route=%2Fwp%2Fv2%2Fmedia&parent=56963"}],"wp:term":[{"taxonomy":"category","embeddable":true,"href":"https:\/\/hablemosclarotdf.com.ar\/index.php?rest_route=%2Fwp%2Fv2%2Fcategories&post=56963"},{"taxonomy":"post_tag","embeddable":true,"href":"https:\/\/hablemosclarotdf.com.ar\/index.php?rest_route=%2Fwp%2Fv2%2Ftags&post=56963"}],"curies":[{"name":"wp","href":"https:\/\/api.w.org\/{rel}","templated":true}]}}