{"id":56959,"date":"2025-11-06T12:51:16","date_gmt":"2025-11-06T15:51:16","guid":{"rendered":"https:\/\/hablemosclarotdf.com.ar\/?p=56959"},"modified":"2025-11-06T12:51:16","modified_gmt":"2025-11-06T15:51:16","slug":"rio-grande-sumate-a-las-capacitaciones-de-la-5a-expo-agroproductiva","status":"publish","type":"post","link":"https:\/\/hablemosclarotdf.com.ar\/?p=56959","title":{"rendered":"RIO GRANDE : SUMATE A LAS CAPACITACIONES DE LA 5\u00aa EXPO AGROPRODUCTIVA"},"content":{"rendered":"<p>Se llevar\u00e1n adelante tanto el s\u00e1bado 8 y domingo 9, a lo largo del desarrollo de la Expo Agroproductiva. Esta propuesta es organizada por el Municipio de R\u00edo Grande en pos de generar espacios que contribuyan a la puesta en valor del sector productivo local. Para inscribirse, los interesados deber\u00e1n ingresar al siguiente link: https:\/\/bit.ly\/47CLlCy.<\/p>\n<p>El Municipio invita a la comunidad a ser parte de una nueva edici\u00f3n de la \u201cExpo Agroproductiva\u201d que se llevar\u00e1 a cabo este s\u00e1bado y domingo en la Misi\u00f3n Salesiana. Durante esta propuesta, las y los vecinos podr\u00e1n formarse en diferentes tem\u00e1ticas vinculadas a la producci\u00f3n.<\/p>\n<p>El s\u00e1bado 8 de noviembre, de 14 a 15 horas, se realizar\u00e1 una charla sobre \u201cM\u00e9todos eficientes para obtener compost y bocashi\u201d dictada por Susana Aresi de INTA. De 15 a 16 se abordar\u00e1 \u201cIntroducci\u00f3n a la Hidropon\u00eda\u201d a cargo de Jonathan G\u00f3mez de Hidro Grande.<\/p>\n<p>En tanto, ese mismo s\u00e1bado de 16 a 17 se llevar\u00e1 adelante la capacitaci\u00f3n \u201cEmprender desde el Sur: Herramientas para el crecimiento emprendedor\u201d. Luego, de 17 a 18 horas, los ni\u00f1os y ni\u00f1as podr\u00e1n participar de \u201cCultivando infancias\u201d a cargo de Sergio Astorga, donde podr\u00e1n aprender, a trav\u00e9s del juego, sobre las huertas. Finalmente, se realizar\u00e1 \u201cSoberan\u00eda Alimentaria en Casa\u201d de 18 a 19 horas, espacio dictado por Heraldo Rivadero que est\u00e1 vinculado con el programa municipal de entrega de plantines a la comunidad.<\/p>\n<p>El domingo 9, de 14 a 15 horas, se realizar\u00e1 \u201cIntroducci\u00f3n al cannabis medicinal\u201d a cargo de Franco Guereta. Luego, de 15 a 16 tendr\u00e1 lugar, nuevamente, \u201cCultivando infancias\u201d para las familias que se acerquen a la Expo; de 16 a 17 horas se dictar\u00e1 \u201cIntroducci\u00f3n a la Hidropon\u00eda\u201d con Jonathan G\u00f3mez, mientras que de 17 a 18 se desarrollar\u00e1 \u201cSoberan\u00eda Alimentaria en Casa\u201d. Para finalizar, Franco Guereta de Frutillas Fueguinas, realizar\u00e1 \u201cAprendizajes de la Agricultura Fueguina\u201d de 18 a 19 horas.<\/p>\n<p>Los interesados en participar en los espacios de formaci\u00f3n deber\u00e1n inscribirse a trav\u00e9s del siguiente link: https:\/\/bit.ly\/47CLlCy.<\/p>\n<p>Por otro lado, las y los riograndenses podr\u00e1 disfrutar de diferentes espect\u00e1culos culturales en el escenario principal, jineteadas y cordero al palo en el campo de doma y recorrer stands productivos y gastron\u00f3micos que muestran los frutos del trabajo local.<\/p>\n<p>Con estas propuestas formativas y a trav\u00e9s de la Expo Agroproductiva, el Municipio busca vincular a las familias, emprendedores, emprendedoras y agroproductores de la ciudad para seguir fortaleciendo la Soberan\u00eda Alimentaria en R\u00edo Grande.<\/p>\n<p><img loading=\"lazy\" decoding=\"async\" class=\"alignnone size-medium wp-image-56961\" src=\"https:\/\/hablemosclarotdf.com.ar\/wp-content\/uploads\/2025\/11\/photo_2025-11-06_12-50-26-300x200.jpg\" alt=\"\" width=\"300\" height=\"200\" srcset=\"https:\/\/hablemosclarotdf.com.ar\/wp-content\/uploads\/2025\/11\/photo_2025-11-06_12-50-26-300x200.jpg 300w, https:\/\/hablemosclarotdf.com.ar\/wp-content\/uploads\/2025\/11\/photo_2025-11-06_12-50-26-768x512.jpg 768w, https:\/\/hablemosclarotdf.com.ar\/wp-content\/uploads\/2025\/11\/photo_2025-11-06_12-50-26.jpg 800w\" sizes=\"auto, (max-width: 300px) 100vw, 300px\" \/><\/p>\n","protected":false},"excerpt":{"rendered":"<p>Se llevar\u00e1n adelante tanto el s\u00e1bado 8 y domingo 9, a lo largo del desarrollo&#8230;<\/p>\n","protected":false},"author":1,"featured_media":56960,"comment_status":"closed","ping_status":"closed","sticky":false,"template":"","format":"standard","meta":{"footnotes":""},"categories":[3],"tags":[],"class_list":["post-56959","post","type-post","status-publish","format-standard","has-post-thumbnail","hentry","category-noticias"],"jetpack_featured_media_url":"https:\/\/hablemosclarotdf.com.ar\/wp-content\/uploads\/2025\/11\/photo_2025-11-06_12-50-18.jpg","_links":{"self":[{"href":"https:\/\/hablemosclarotdf.com.ar\/index.php?rest_route=\/wp\/v2\/posts\/56959","targetHints":{"allow":["GET"]}}],"collection":[{"href":"https:\/\/hablemosclarotdf.com.ar\/index.php?rest_route=\/wp\/v2\/posts"}],"about":[{"href":"https:\/\/hablemosclarotdf.com.ar\/index.php?rest_route=\/wp\/v2\/types\/post"}],"author":[{"embeddable":true,"href":"https:\/\/hablemosclarotdf.com.ar\/index.php?rest_route=\/wp\/v2\/users\/1"}],"replies":[{"embeddable":true,"href":"https:\/\/hablemosclarotdf.com.ar\/index.php?rest_route=%2Fwp%2Fv2%2Fcomments&post=56959"}],"version-history":[{"count":1,"href":"https:\/\/hablemosclarotdf.com.ar\/index.php?rest_route=\/wp\/v2\/posts\/56959\/revisions"}],"predecessor-version":[{"id":56962,"href":"https:\/\/hablemosclarotdf.com.ar\/index.php?rest_route=\/wp\/v2\/posts\/56959\/revisions\/56962"}],"wp:featuredmedia":[{"embeddable":true,"href":"https:\/\/hablemosclarotdf.com.ar\/index.php?rest_route=\/wp\/v2\/media\/56960"}],"wp:attachment":[{"href":"https:\/\/hablemosclarotdf.com.ar\/index.php?rest_route=%2Fwp%2Fv2%2Fmedia&parent=56959"}],"wp:term":[{"taxonomy":"category","embeddable":true,"href":"https:\/\/hablemosclarotdf.com.ar\/index.php?rest_route=%2Fwp%2Fv2%2Fcategories&post=56959"},{"taxonomy":"post_tag","embeddable":true,"href":"https:\/\/hablemosclarotdf.com.ar\/index.php?rest_route=%2Fwp%2Fv2%2Ftags&post=56959"}],"curies":[{"name":"wp","href":"https:\/\/api.w.org\/{rel}","templated":true}]}}