{"id":56948,"date":"2025-11-06T10:47:20","date_gmt":"2025-11-06T13:47:20","guid":{"rendered":"https:\/\/hablemosclarotdf.com.ar\/?p=56948"},"modified":"2025-11-06T10:47:20","modified_gmt":"2025-11-06T13:47:20","slug":"segundo-episodio-de-industria-en-vivo-luis-bernal-y-agustin-duval-analizan-la-industria-alimentaria","status":"publish","type":"post","link":"https:\/\/hablemosclarotdf.com.ar\/?p=56948","title":{"rendered":"SEGUNDO EPISODIO DE \u201cINDUSTRIA EN VIVO\u201d: LUIS BERNAL Y AGUST\u00cdN DUVAL ANALIZAN LA INDUSTRIA ALIMENTARIA"},"content":{"rendered":"<p>El Ministerio de Producci\u00f3n y Ambiente de la Provincia llevar\u00e1 adelante el segundo episodio del ciclo de streaming \u201cIndustria en Vivo\u201d. La transmisi\u00f3n se realizar\u00e1 el lunes 10 de noviembre, a las 17 horas, a trav\u00e9s del canal oficial de YouTube del Gobierno de Tierra del Fuego AIAS.<\/p>\n<p>En esta oportunidad participar\u00e1n Luis Bernal, gerente de Producci\u00f3n de Gastronom\u00eda del Sur (GDS), y Agust\u00edn Duval, socio de la Planta de Crust\u00e1ceos Tierra del Fuego, quienes compartir\u00e1n sus experiencias en el sector de la industria alimentaria: sus inicios, el impacto de su actividad en la matriz productiva provincial, y su visi\u00f3n sobre los desaf\u00edos y oportunidades del rubro.<\/p>\n<p>El ciclo busca visibilizar experiencias del \u00e1mbito industrial y emprendedor, desde una mirada pr\u00e1ctica y distendida, promoviendo un espacio de conversaci\u00f3n sobre la producci\u00f3n, la gesti\u00f3n y las herramientas \u00fatiles para fortalecer al sector.<\/p>\n<p>El encuentro tendr\u00e1 una duraci\u00f3n aproximada de una hora y contar\u00e1 con la conducci\u00f3n de Alejandra Man, secretaria de Industria y Promoci\u00f3n Econ\u00f3mica, y Juan Schvartzman Giordano.<\/p>\n<p>El episodio podr\u00e1 verse en vivo en: https:\/\/youtube.com\/live\/6qCFvSgmamE?feature=share<\/p>\n","protected":false},"excerpt":{"rendered":"<p>El Ministerio de Producci\u00f3n y Ambiente de la Provincia llevar\u00e1 adelante el segundo episodio del&#8230;<\/p>\n","protected":false},"author":1,"featured_media":56949,"comment_status":"closed","ping_status":"closed","sticky":false,"template":"","format":"standard","meta":{"footnotes":""},"categories":[3],"tags":[],"class_list":["post-56948","post","type-post","status-publish","format-standard","has-post-thumbnail","hentry","category-noticias"],"jetpack_featured_media_url":"https:\/\/hablemosclarotdf.com.ar\/wp-content\/uploads\/2025\/11\/photo_2025-11-06_10-46-39.jpg","_links":{"self":[{"href":"https:\/\/hablemosclarotdf.com.ar\/index.php?rest_route=\/wp\/v2\/posts\/56948","targetHints":{"allow":["GET"]}}],"collection":[{"href":"https:\/\/hablemosclarotdf.com.ar\/index.php?rest_route=\/wp\/v2\/posts"}],"about":[{"href":"https:\/\/hablemosclarotdf.com.ar\/index.php?rest_route=\/wp\/v2\/types\/post"}],"author":[{"embeddable":true,"href":"https:\/\/hablemosclarotdf.com.ar\/index.php?rest_route=\/wp\/v2\/users\/1"}],"replies":[{"embeddable":true,"href":"https:\/\/hablemosclarotdf.com.ar\/index.php?rest_route=%2Fwp%2Fv2%2Fcomments&post=56948"}],"version-history":[{"count":1,"href":"https:\/\/hablemosclarotdf.com.ar\/index.php?rest_route=\/wp\/v2\/posts\/56948\/revisions"}],"predecessor-version":[{"id":56950,"href":"https:\/\/hablemosclarotdf.com.ar\/index.php?rest_route=\/wp\/v2\/posts\/56948\/revisions\/56950"}],"wp:featuredmedia":[{"embeddable":true,"href":"https:\/\/hablemosclarotdf.com.ar\/index.php?rest_route=\/wp\/v2\/media\/56949"}],"wp:attachment":[{"href":"https:\/\/hablemosclarotdf.com.ar\/index.php?rest_route=%2Fwp%2Fv2%2Fmedia&parent=56948"}],"wp:term":[{"taxonomy":"category","embeddable":true,"href":"https:\/\/hablemosclarotdf.com.ar\/index.php?rest_route=%2Fwp%2Fv2%2Fcategories&post=56948"},{"taxonomy":"post_tag","embeddable":true,"href":"https:\/\/hablemosclarotdf.com.ar\/index.php?rest_route=%2Fwp%2Fv2%2Ftags&post=56948"}],"curies":[{"name":"wp","href":"https:\/\/api.w.org\/{rel}","templated":true}]}}