{"id":56945,"date":"2025-11-06T10:44:22","date_gmt":"2025-11-06T13:44:22","guid":{"rendered":"https:\/\/hablemosclarotdf.com.ar\/?p=56945"},"modified":"2025-11-06T10:44:22","modified_gmt":"2025-11-06T13:44:22","slug":"continua-la-busqueda-de-familias-de-acogimiento-para-garantizar-el-derecho-a-vivir-en-familia","status":"publish","type":"post","link":"https:\/\/hablemosclarotdf.com.ar\/?p=56945","title":{"rendered":"CONTIN\u00daA LA B\u00daSQUEDA DE FAMILIAS DE ACOGIMIENTO PARA GARANTIZAR EL DERECHO A VIVIR EN FAMILIA"},"content":{"rendered":"<p>El programa de Acogimiento Familiar convoca a personas solidarias que deseen brindar un entorno transitorio de cuidado y contenci\u00f3n afectiva a ni\u00f1os, ni\u00f1as y adolescentes que esperan por la restituci\u00f3n de sus derechos.<\/p>\n<p>Bajo la premisa que todos los ni\u00f1os, ni\u00f1as y adolescentes tienen derecho a crecer en un ambiente familiar que les brinde cuidados integrales y contenci\u00f3n afectiva, se realiza un llamado urgente a la comunidad para sumarse como familias de acogimiento.<\/p>\n<p>Esta figura, prevista en el art\u00edculo 39 de la Ley Nacional 26.061, ofrece un entorno transitorio y protector a trav\u00e9s de una medida excepcional de acogimiento familiar.<\/p>\n<p>Las personas interesadas en formar parte de esta red de contenci\u00f3n deben cumplir con ciertos requisitos b\u00e1sicos: no tener antecedentes penales y no estar inscripto en el registro de deudores alimentarios, ser mayor de 25 a\u00f1os, entre otros.<\/p>\n<p>Los invitamos a dejar sus datos a trav\u00e9s del siguiente enlace, para conocer m\u00e1s del programa https:\/\/www.tierradelfuego.gob.ar\/convocatoria-al-programa-de-acogimiento-familiar<\/p>\n<p>El acogimiento familiar no es una adopci\u00f3n, sino un acto solidario que proporciona estabilidad y afecto durante un per\u00edodo determinado, mientras se resuelve la situaci\u00f3n definitiva del ni\u00f1o, ni\u00f1a o adolescente. Es una alternativa preferible al cuidado institucional, ya que favorece su desarrollo emocional y social en un entorno familiar.<\/p>\n<p>Desde el Programa destacaron la importancia de la participaci\u00f3n ciudadana: \u201cCada familia que se suma representa una posibilidad concreta de cambiar la realidad de un ni\u00f1o. La contenci\u00f3n afectiva en un hogar es fundamental para su presente y su futuro\u201d.<\/p>\n","protected":false},"excerpt":{"rendered":"<p>El programa de Acogimiento Familiar convoca a personas solidarias que deseen brindar un entorno transitorio&#8230;<\/p>\n","protected":false},"author":1,"featured_media":56946,"comment_status":"closed","ping_status":"closed","sticky":false,"template":"","format":"standard","meta":{"footnotes":""},"categories":[3],"tags":[],"class_list":["post-56945","post","type-post","status-publish","format-standard","has-post-thumbnail","hentry","category-noticias"],"jetpack_featured_media_url":"https:\/\/hablemosclarotdf.com.ar\/wp-content\/uploads\/2025\/11\/photo_2025-11-06_10-43-44.jpg","_links":{"self":[{"href":"https:\/\/hablemosclarotdf.com.ar\/index.php?rest_route=\/wp\/v2\/posts\/56945","targetHints":{"allow":["GET"]}}],"collection":[{"href":"https:\/\/hablemosclarotdf.com.ar\/index.php?rest_route=\/wp\/v2\/posts"}],"about":[{"href":"https:\/\/hablemosclarotdf.com.ar\/index.php?rest_route=\/wp\/v2\/types\/post"}],"author":[{"embeddable":true,"href":"https:\/\/hablemosclarotdf.com.ar\/index.php?rest_route=\/wp\/v2\/users\/1"}],"replies":[{"embeddable":true,"href":"https:\/\/hablemosclarotdf.com.ar\/index.php?rest_route=%2Fwp%2Fv2%2Fcomments&post=56945"}],"version-history":[{"count":1,"href":"https:\/\/hablemosclarotdf.com.ar\/index.php?rest_route=\/wp\/v2\/posts\/56945\/revisions"}],"predecessor-version":[{"id":56947,"href":"https:\/\/hablemosclarotdf.com.ar\/index.php?rest_route=\/wp\/v2\/posts\/56945\/revisions\/56947"}],"wp:featuredmedia":[{"embeddable":true,"href":"https:\/\/hablemosclarotdf.com.ar\/index.php?rest_route=\/wp\/v2\/media\/56946"}],"wp:attachment":[{"href":"https:\/\/hablemosclarotdf.com.ar\/index.php?rest_route=%2Fwp%2Fv2%2Fmedia&parent=56945"}],"wp:term":[{"taxonomy":"category","embeddable":true,"href":"https:\/\/hablemosclarotdf.com.ar\/index.php?rest_route=%2Fwp%2Fv2%2Fcategories&post=56945"},{"taxonomy":"post_tag","embeddable":true,"href":"https:\/\/hablemosclarotdf.com.ar\/index.php?rest_route=%2Fwp%2Fv2%2Ftags&post=56945"}],"curies":[{"name":"wp","href":"https:\/\/api.w.org\/{rel}","templated":true}]}}