{"id":56844,"date":"2025-11-05T17:47:52","date_gmt":"2025-11-05T20:47:52","guid":{"rendered":"https:\/\/hablemosclarotdf.com.ar\/?p=56844"},"modified":"2025-11-05T17:47:52","modified_gmt":"2025-11-05T20:47:52","slug":"el-gobierno-provincial-entrego-el-nuevo-anexo-4-del-servicio-penitenciario-en-la-ciudad-de-ushuaia","status":"publish","type":"post","link":"https:\/\/hablemosclarotdf.com.ar\/?p=56844","title":{"rendered":"EL GOBIERNO PROVINCIAL ENTREG\u00d3 EL NUEVO ANEXO 4 DEL SERVICIO PENITENCIARIO EN LA CIUDAD DE USHUAIA"},"content":{"rendered":"<p>La obra, enmarcada en la Ley de Emergencia del Sistema Integral de Seguridad P\u00fablica, refuncionaliza un edificio existente para ampliar la capacidad penitenciaria y mejorar las condiciones de alojamiento.<\/p>\n<p>El Gobierno de la Provincia formaliz\u00f3 la entrega oficial del nuevo Anexo 4 del Servicio Penitenciario, ubicado sobre la calle Goleta Florencia de Ushuaia, fruto de la refuncionalizaci\u00f3n de un edificio preexistente.<\/p>\n<p>La ministra de Obras y Servicios P\u00fablicos, Gabriela Castillo, explic\u00f3 que la intervenci\u00f3n \u201cconsiste en la adecuaci\u00f3n de la antigua \u00e1rea de documentaci\u00f3n policial, optimizando recursos y espacios del Estado\u201d.<\/p>\n<p>El nuevo anexo cuenta con celdas, espacios de visita familiar, \u00e1rea de requisa, sala de visitas y guardia penitenciaria, con una capacidad inicial para 14 internos.<\/p>\n<p>Seg\u00fan precis\u00f3 el director provincial del Servicio Penitenciario, Ariel Ciares, el traslado de personas se realizar\u00e1 priorizando \u201cel estado avanzado de la pena y el buen comportamiento de quienes sean reubicados\u201d.<\/p>\n<p>Adem\u00e1s adelant\u00f3 que el proceso de mejora edilicia continuar\u00e1 con la creaci\u00f3n de una nueva cocina y talleres de formaci\u00f3n laboral, \u201cpara fortalecer los procesos de reinserci\u00f3n social y complementar la funcionalidad del anexo\u201d.<\/p>\n<p>Durante la recorrida por las instalaciones participaron la ministra de Obras y Servicios P\u00fablicos, Gabriela Castillo; representantes del Comit\u00e9 Provincial para la Prevenci\u00f3n de la Tortura; personal del Poder Judicial; el director provincial del Servicio Penitenciario, Ariel Ciares; y el secretario de Asistencia y Gesti\u00f3n Ministerial, Gonzalo Valenzuela.<\/p>\n<p>&nbsp;<\/p>\n<p><img loading=\"lazy\" decoding=\"async\" class=\"alignnone size-medium wp-image-56846\" src=\"https:\/\/hablemosclarotdf.com.ar\/wp-content\/uploads\/2025\/11\/photo_2025-11-05_17-45-38-300x190.jpg\" alt=\"\" width=\"300\" height=\"190\" srcset=\"https:\/\/hablemosclarotdf.com.ar\/wp-content\/uploads\/2025\/11\/photo_2025-11-05_17-45-38-300x190.jpg 300w, https:\/\/hablemosclarotdf.com.ar\/wp-content\/uploads\/2025\/11\/photo_2025-11-05_17-45-38-1024x647.jpg 1024w, https:\/\/hablemosclarotdf.com.ar\/wp-content\/uploads\/2025\/11\/photo_2025-11-05_17-45-38-768x485.jpg 768w, https:\/\/hablemosclarotdf.com.ar\/wp-content\/uploads\/2025\/11\/photo_2025-11-05_17-45-38-540x340.jpg 540w, https:\/\/hablemosclarotdf.com.ar\/wp-content\/uploads\/2025\/11\/photo_2025-11-05_17-45-38.jpg 1280w\" sizes=\"auto, (max-width: 300px) 100vw, 300px\" \/> <img loading=\"lazy\" decoding=\"async\" class=\"alignnone size-medium wp-image-56847\" src=\"https:\/\/hablemosclarotdf.com.ar\/wp-content\/uploads\/2025\/11\/photo_2025-11-05_17-45-42-300x200.jpg\" alt=\"\" width=\"300\" height=\"200\" srcset=\"https:\/\/hablemosclarotdf.com.ar\/wp-content\/uploads\/2025\/11\/photo_2025-11-05_17-45-42-300x200.jpg 300w, https:\/\/hablemosclarotdf.com.ar\/wp-content\/uploads\/2025\/11\/photo_2025-11-05_17-45-42-1024x684.jpg 1024w, https:\/\/hablemosclarotdf.com.ar\/wp-content\/uploads\/2025\/11\/photo_2025-11-05_17-45-42-768x513.jpg 768w, https:\/\/hablemosclarotdf.com.ar\/wp-content\/uploads\/2025\/11\/photo_2025-11-05_17-45-42.jpg 1280w\" sizes=\"auto, (max-width: 300px) 100vw, 300px\" \/> <img loading=\"lazy\" decoding=\"async\" class=\"alignnone size-medium wp-image-56848\" src=\"https:\/\/hablemosclarotdf.com.ar\/wp-content\/uploads\/2025\/11\/photo_2025-11-05_17-45-46-300x200.jpg\" alt=\"\" width=\"300\" height=\"200\" srcset=\"https:\/\/hablemosclarotdf.com.ar\/wp-content\/uploads\/2025\/11\/photo_2025-11-05_17-45-46-300x200.jpg 300w, https:\/\/hablemosclarotdf.com.ar\/wp-content\/uploads\/2025\/11\/photo_2025-11-05_17-45-46-1024x684.jpg 1024w, https:\/\/hablemosclarotdf.com.ar\/wp-content\/uploads\/2025\/11\/photo_2025-11-05_17-45-46-768x513.jpg 768w, https:\/\/hablemosclarotdf.com.ar\/wp-content\/uploads\/2025\/11\/photo_2025-11-05_17-45-46.jpg 1280w\" sizes=\"auto, (max-width: 300px) 100vw, 300px\" \/> <img loading=\"lazy\" decoding=\"async\" class=\"alignnone size-medium wp-image-56849\" src=\"https:\/\/hablemosclarotdf.com.ar\/wp-content\/uploads\/2025\/11\/photo_2025-11-05_17-45-50-300x190.jpg\" alt=\"\" width=\"300\" height=\"190\" srcset=\"https:\/\/hablemosclarotdf.com.ar\/wp-content\/uploads\/2025\/11\/photo_2025-11-05_17-45-50-300x190.jpg 300w, https:\/\/hablemosclarotdf.com.ar\/wp-content\/uploads\/2025\/11\/photo_2025-11-05_17-45-50-1024x648.jpg 1024w, https:\/\/hablemosclarotdf.com.ar\/wp-content\/uploads\/2025\/11\/photo_2025-11-05_17-45-50-768x486.jpg 768w, https:\/\/hablemosclarotdf.com.ar\/wp-content\/uploads\/2025\/11\/photo_2025-11-05_17-45-50-540x340.jpg 540w, https:\/\/hablemosclarotdf.com.ar\/wp-content\/uploads\/2025\/11\/photo_2025-11-05_17-45-50.jpg 1280w\" sizes=\"auto, (max-width: 300px) 100vw, 300px\" \/> <img loading=\"lazy\" decoding=\"async\" class=\"alignnone size-medium wp-image-56850\" src=\"https:\/\/hablemosclarotdf.com.ar\/wp-content\/uploads\/2025\/11\/photo_2025-11-05_17-45-55-300x200.jpg\" alt=\"\" width=\"300\" height=\"200\" srcset=\"https:\/\/hablemosclarotdf.com.ar\/wp-content\/uploads\/2025\/11\/photo_2025-11-05_17-45-55-300x200.jpg 300w, https:\/\/hablemosclarotdf.com.ar\/wp-content\/uploads\/2025\/11\/photo_2025-11-05_17-45-55-1024x684.jpg 1024w, https:\/\/hablemosclarotdf.com.ar\/wp-content\/uploads\/2025\/11\/photo_2025-11-05_17-45-55-768x513.jpg 768w, https:\/\/hablemosclarotdf.com.ar\/wp-content\/uploads\/2025\/11\/photo_2025-11-05_17-45-55.jpg 1280w\" sizes=\"auto, (max-width: 300px) 100vw, 300px\" \/> <img loading=\"lazy\" decoding=\"async\" class=\"alignnone size-medium wp-image-56851\" src=\"https:\/\/hablemosclarotdf.com.ar\/wp-content\/uploads\/2025\/11\/photo_2025-11-05_17-46-00-300x200.jpg\" alt=\"\" width=\"300\" height=\"200\" srcset=\"https:\/\/hablemosclarotdf.com.ar\/wp-content\/uploads\/2025\/11\/photo_2025-11-05_17-46-00-300x200.jpg 300w, https:\/\/hablemosclarotdf.com.ar\/wp-content\/uploads\/2025\/11\/photo_2025-11-05_17-46-00-1024x684.jpg 1024w, https:\/\/hablemosclarotdf.com.ar\/wp-content\/uploads\/2025\/11\/photo_2025-11-05_17-46-00-768x513.jpg 768w, https:\/\/hablemosclarotdf.com.ar\/wp-content\/uploads\/2025\/11\/photo_2025-11-05_17-46-00.jpg 1280w\" sizes=\"auto, (max-width: 300px) 100vw, 300px\" \/><\/p>\n","protected":false},"excerpt":{"rendered":"<p>La obra, enmarcada en la Ley de Emergencia del Sistema Integral de Seguridad P\u00fablica, refuncionaliza&#8230;<\/p>\n","protected":false},"author":1,"featured_media":56845,"comment_status":"closed","ping_status":"closed","sticky":false,"template":"","format":"standard","meta":{"footnotes":""},"categories":[3],"tags":[],"class_list":["post-56844","post","type-post","status-publish","format-standard","has-post-thumbnail","hentry","category-noticias"],"jetpack_featured_media_url":"https:\/\/hablemosclarotdf.com.ar\/wp-content\/uploads\/2025\/11\/photo_2025-11-05_17-45-34.jpg","_links":{"self":[{"href":"https:\/\/hablemosclarotdf.com.ar\/index.php?rest_route=\/wp\/v2\/posts\/56844","targetHints":{"allow":["GET"]}}],"collection":[{"href":"https:\/\/hablemosclarotdf.com.ar\/index.php?rest_route=\/wp\/v2\/posts"}],"about":[{"href":"https:\/\/hablemosclarotdf.com.ar\/index.php?rest_route=\/wp\/v2\/types\/post"}],"author":[{"embeddable":true,"href":"https:\/\/hablemosclarotdf.com.ar\/index.php?rest_route=\/wp\/v2\/users\/1"}],"replies":[{"embeddable":true,"href":"https:\/\/hablemosclarotdf.com.ar\/index.php?rest_route=%2Fwp%2Fv2%2Fcomments&post=56844"}],"version-history":[{"count":1,"href":"https:\/\/hablemosclarotdf.com.ar\/index.php?rest_route=\/wp\/v2\/posts\/56844\/revisions"}],"predecessor-version":[{"id":56852,"href":"https:\/\/hablemosclarotdf.com.ar\/index.php?rest_route=\/wp\/v2\/posts\/56844\/revisions\/56852"}],"wp:featuredmedia":[{"embeddable":true,"href":"https:\/\/hablemosclarotdf.com.ar\/index.php?rest_route=\/wp\/v2\/media\/56845"}],"wp:attachment":[{"href":"https:\/\/hablemosclarotdf.com.ar\/index.php?rest_route=%2Fwp%2Fv2%2Fmedia&parent=56844"}],"wp:term":[{"taxonomy":"category","embeddable":true,"href":"https:\/\/hablemosclarotdf.com.ar\/index.php?rest_route=%2Fwp%2Fv2%2Fcategories&post=56844"},{"taxonomy":"post_tag","embeddable":true,"href":"https:\/\/hablemosclarotdf.com.ar\/index.php?rest_route=%2Fwp%2Fv2%2Ftags&post=56844"}],"curies":[{"name":"wp","href":"https:\/\/api.w.org\/{rel}","templated":true}]}}