{"id":56841,"date":"2025-11-05T17:44:05","date_gmt":"2025-11-05T20:44:05","guid":{"rendered":"https:\/\/hablemosclarotdf.com.ar\/?p=56841"},"modified":"2025-11-05T17:44:05","modified_gmt":"2025-11-05T20:44:05","slug":"se-extienden-las-inscripciones-para-el-congreso-internacional-de-educacion-e-inclusion-desde-el-sur-2025-hasta-el-7-de-noviembre","status":"publish","type":"post","link":"https:\/\/hablemosclarotdf.com.ar\/?p=56841","title":{"rendered":"SE EXTIENDEN LAS INSCRIPCIONES PARA EL CONGRESO INTERNACIONAL DE EDUCACI\u00d3N E INCLUSI\u00d3N DESDE EL SUR 2025 HASTA EL 7 DE NOVIEMBRE"},"content":{"rendered":"<p>El Ministerio de Educaci\u00f3n realizar\u00e1 los d\u00edas 13, 14 y 15 de noviembre, una nueva edici\u00f3n del Congreso Internacional de Educaci\u00f3n e Inclusi\u00f3n desde el Sur, extendiendo el per\u00edodo de inscripci\u00f3n hasta el 7 de noviembre.<\/p>\n<p>Las y los docentes interesados en participar, podr\u00e1n escanear el c\u00f3digo QR que encontrar\u00e1n en los afiches en cada instituci\u00f3n educativa o bien, ingresando al siguiente link<br \/>\nhttps:\/\/bit.ly\/CongresoEducaci\u00f3n2025<\/p>\n<p>Esta nueva edici\u00f3n, se realizar\u00e1 de manera presencial en las tres ciudades, bajo la consigna \u201cCamino hacia la Transformaci\u00f3n Educativa&#8221;, con la participaci\u00f3n de destacadas figuras de la educaci\u00f3n a nivel nacional e internacional, como Mar\u00eda Jos\u00e9 Borsani, Gabriela Carnevale, Ver\u00f3nica Piovani, Beatriz Janin y el actual secretario de Estado de Educaci\u00f3n de Esp\u00edrito Santo, Brasil, Vitor De Angelo.<\/p>\n<p>Cabe se\u00f1alar que los d\u00edas 13 y 14 de noviembre, el Congreso se realizar\u00e1 de manera presencial. En la ciudad de R\u00edo Grande se desarrollar\u00e1 en los Gimnasios de la Escuela N\u00b02, del Colegio Centro Polivalente de Arte y del Instituto Mar\u00eda Auxiliadora y en Ushuaia en los Gimnasios de la Escuela N\u00b013, del Colegio Centro Polivalente de Arte y Casa del Deporte, distribuidos por turnos, seg\u00fan los espacios y modalidad de las y los docentes.<\/p>\n<p>El turno ma\u00f1ana, ser\u00e1 de 8:30 a 12:30h, turno tarde de 13:30 a 17:30h y turno vespertino de 18:00 a 21:00h. Este \u00faltimo grupo desarrollar\u00e1 sus actividades en el Gimnasio de la Escuela N\u00b02 en R\u00edo Grande y en Ushuaia en el Gimnasio de la Escuela N\u00b013.<\/p>\n<p>En tanto en la ciudad de Tolhuin, el Congreso se desarrollar\u00e1 \u00fanicamente en Casa del Deporte, el 14 de noviembre, de 8:00 a 12:00h, a docentes de niveles inicial, primaria y educaci\u00f3n especial y en el turno tarde de 13:00 a 17:00h, a nivel secundario.<\/p>\n<p>El 15 de noviembre, se desarrollar\u00e1 por modalidad virtual, mediante transmisi\u00f3n en vivo a trav\u00e9s del canal oficial de Youtube del Gobierno de la provincia.<\/p>\n<p>Cabe mencionar que, con la inscripci\u00f3n, cada docente recibir\u00e1 una confirmaci\u00f3n a su correo electr\u00f3nico, siendo justificada su inasistencia el d\u00eda que ser\u00e1 convocado, la acreditaci\u00f3n se realizar\u00e1 en cada una de las sedes y la certificaci\u00f3n correspondiente se podr\u00e1 obtener luego de finalizado el Congreso, mediante una evaluaci\u00f3n que estar\u00e1 disponible en Aulas Digitales.<\/p>\n","protected":false},"excerpt":{"rendered":"<p>El Ministerio de Educaci\u00f3n realizar\u00e1 los d\u00edas 13, 14 y 15 de noviembre, una nueva&#8230;<\/p>\n","protected":false},"author":1,"featured_media":56842,"comment_status":"closed","ping_status":"closed","sticky":false,"template":"","format":"standard","meta":{"footnotes":""},"categories":[3],"tags":[],"class_list":["post-56841","post","type-post","status-publish","format-standard","has-post-thumbnail","hentry","category-noticias"],"jetpack_featured_media_url":"https:\/\/hablemosclarotdf.com.ar\/wp-content\/uploads\/2025\/11\/photo_2025-11-05_17-43-34.jpg","_links":{"self":[{"href":"https:\/\/hablemosclarotdf.com.ar\/index.php?rest_route=\/wp\/v2\/posts\/56841","targetHints":{"allow":["GET"]}}],"collection":[{"href":"https:\/\/hablemosclarotdf.com.ar\/index.php?rest_route=\/wp\/v2\/posts"}],"about":[{"href":"https:\/\/hablemosclarotdf.com.ar\/index.php?rest_route=\/wp\/v2\/types\/post"}],"author":[{"embeddable":true,"href":"https:\/\/hablemosclarotdf.com.ar\/index.php?rest_route=\/wp\/v2\/users\/1"}],"replies":[{"embeddable":true,"href":"https:\/\/hablemosclarotdf.com.ar\/index.php?rest_route=%2Fwp%2Fv2%2Fcomments&post=56841"}],"version-history":[{"count":1,"href":"https:\/\/hablemosclarotdf.com.ar\/index.php?rest_route=\/wp\/v2\/posts\/56841\/revisions"}],"predecessor-version":[{"id":56843,"href":"https:\/\/hablemosclarotdf.com.ar\/index.php?rest_route=\/wp\/v2\/posts\/56841\/revisions\/56843"}],"wp:featuredmedia":[{"embeddable":true,"href":"https:\/\/hablemosclarotdf.com.ar\/index.php?rest_route=\/wp\/v2\/media\/56842"}],"wp:attachment":[{"href":"https:\/\/hablemosclarotdf.com.ar\/index.php?rest_route=%2Fwp%2Fv2%2Fmedia&parent=56841"}],"wp:term":[{"taxonomy":"category","embeddable":true,"href":"https:\/\/hablemosclarotdf.com.ar\/index.php?rest_route=%2Fwp%2Fv2%2Fcategories&post=56841"},{"taxonomy":"post_tag","embeddable":true,"href":"https:\/\/hablemosclarotdf.com.ar\/index.php?rest_route=%2Fwp%2Fv2%2Ftags&post=56841"}],"curies":[{"name":"wp","href":"https:\/\/api.w.org\/{rel}","templated":true}]}}