{"id":56820,"date":"2025-11-05T15:08:07","date_gmt":"2025-11-05T18:08:07","guid":{"rendered":"https:\/\/hablemosclarotdf.com.ar\/?p=56820"},"modified":"2025-11-05T15:08:07","modified_gmt":"2025-11-05T18:08:07","slug":"se-realizo-la-audiencia-publica-del-proyecto-brik-nic-de-fabricacion-de-briquetas-y-pellets-de-madera","status":"publish","type":"post","link":"https:\/\/hablemosclarotdf.com.ar\/?p=56820","title":{"rendered":"SE REALIZ\u00d3 LA AUDIENCIA P\u00daBLICA DEL PROYECTO \u201cBRIK NIC\u201d DE FABRICACI\u00d3N DE BRIQUETAS Y PELLETS DE MADERA"},"content":{"rendered":"<p>El Ministerio de Producci\u00f3n y Ambiente llev\u00f3 adelante la Audiencia P\u00fablica correspondiente al proyecto \u201cBRIK NIC\u201d, destinado a la fabricaci\u00f3n de briquetas y pellets de madera en la ciudad de Tolhuin.<\/p>\n<p>La instancia participativa cont\u00f3 con la presencia de autoridades provinciales, representantes de la empresa proponente, vecinos de la comunidad, y el acompa\u00f1amiento t\u00e9cnico de la Direcci\u00f3n General de Gesti\u00f3n Ambiental de la Secretar\u00eda de Ambiente, organismo responsable de la coordinaci\u00f3n de la audiencia. La actividad se desarroll\u00f3 en el marco de la Ley Provincial N\u00b0 55 y la Resoluci\u00f3n SADSyCC 415\/2018, como parte del proceso de Evaluaci\u00f3n de Impacto Ambiental del proyecto.<\/p>\n<p>La propuesta presentada contempla la instalaci\u00f3n y operaci\u00f3n de una planta destinada a transformar residuos de madera del sector foresto-industrial en un producto con valor agregado, promoviendo as\u00ed la valorizaci\u00f3n de residuos y el aprovechamiento sostenible de los recursos naturales de la provincia.<\/p>\n<p>Durante la jornada, la consultora ambiental a cargo del estudio expuso los principales aspectos t\u00e9cnicos y ambientales del proyecto, sus medidas de mitigaci\u00f3n y las proyecciones de crecimiento a futuro. Adem\u00e1s, se garantiz\u00f3 un espacio de participaci\u00f3n ciudadana, en el que los asistentes pudieron realizar consultas, observaciones y aportes vinculados a la iniciativa.<\/p>\n<p>La directora general de Gesti\u00f3n Ambiental, Carolina Antonelli, destac\u00f3 que \u201ceste tipo de proyectos se enmarca en la pol\u00edtica ambiental que impulsa la Provincia, orientada a la econom\u00eda circular y a la valorizaci\u00f3n progresiva de los residuos industriales, en concordancia con lo establecido por la Resoluci\u00f3n S.A. N\u00b0 258\/21 sobre operadores de residuos valorizables\u201d.<\/p>\n<p>Estas instancias p\u00fablicas representan un pilar fundamental de la gesti\u00f3n ambiental, ya que fortalecen la transparencia, el acceso a la informaci\u00f3n y la participaci\u00f3n ciudadana en la toma de decisiones que contribuyen al desarrollo sostenible de Tierra del Fuego.<\/p>\n<p><img loading=\"lazy\" decoding=\"async\" class=\"alignnone size-medium wp-image-56822\" src=\"https:\/\/hablemosclarotdf.com.ar\/wp-content\/uploads\/2025\/11\/photo_2025-11-05_15-05-35-300x225.jpg\" alt=\"\" width=\"300\" height=\"225\" srcset=\"https:\/\/hablemosclarotdf.com.ar\/wp-content\/uploads\/2025\/11\/photo_2025-11-05_15-05-35-300x225.jpg 300w, https:\/\/hablemosclarotdf.com.ar\/wp-content\/uploads\/2025\/11\/photo_2025-11-05_15-05-35-1024x768.jpg 1024w, https:\/\/hablemosclarotdf.com.ar\/wp-content\/uploads\/2025\/11\/photo_2025-11-05_15-05-35-768x576.jpg 768w, https:\/\/hablemosclarotdf.com.ar\/wp-content\/uploads\/2025\/11\/photo_2025-11-05_15-05-35.jpg 1280w\" sizes=\"auto, (max-width: 300px) 100vw, 300px\" \/> <img loading=\"lazy\" decoding=\"async\" class=\"alignnone size-medium wp-image-56823\" src=\"https:\/\/hablemosclarotdf.com.ar\/wp-content\/uploads\/2025\/11\/photo_2025-11-05_15-05-40-300x225.jpg\" alt=\"\" width=\"300\" height=\"225\" srcset=\"https:\/\/hablemosclarotdf.com.ar\/wp-content\/uploads\/2025\/11\/photo_2025-11-05_15-05-40-300x225.jpg 300w, https:\/\/hablemosclarotdf.com.ar\/wp-content\/uploads\/2025\/11\/photo_2025-11-05_15-05-40-1024x768.jpg 1024w, https:\/\/hablemosclarotdf.com.ar\/wp-content\/uploads\/2025\/11\/photo_2025-11-05_15-05-40-768x576.jpg 768w, https:\/\/hablemosclarotdf.com.ar\/wp-content\/uploads\/2025\/11\/photo_2025-11-05_15-05-40.jpg 1280w\" sizes=\"auto, (max-width: 300px) 100vw, 300px\" \/> <img loading=\"lazy\" decoding=\"async\" class=\"alignnone size-medium wp-image-56824\" src=\"https:\/\/hablemosclarotdf.com.ar\/wp-content\/uploads\/2025\/11\/photo_2025-11-05_15-05-45-300x225.jpg\" alt=\"\" width=\"300\" height=\"225\" srcset=\"https:\/\/hablemosclarotdf.com.ar\/wp-content\/uploads\/2025\/11\/photo_2025-11-05_15-05-45-300x225.jpg 300w, https:\/\/hablemosclarotdf.com.ar\/wp-content\/uploads\/2025\/11\/photo_2025-11-05_15-05-45-1024x768.jpg 1024w, https:\/\/hablemosclarotdf.com.ar\/wp-content\/uploads\/2025\/11\/photo_2025-11-05_15-05-45-768x576.jpg 768w, https:\/\/hablemosclarotdf.com.ar\/wp-content\/uploads\/2025\/11\/photo_2025-11-05_15-05-45.jpg 1280w\" sizes=\"auto, (max-width: 300px) 100vw, 300px\" \/><\/p>\n","protected":false},"excerpt":{"rendered":"<p>El Ministerio de Producci\u00f3n y Ambiente llev\u00f3 adelante la Audiencia P\u00fablica correspondiente al proyecto \u201cBRIK&#8230;<\/p>\n","protected":false},"author":1,"featured_media":56821,"comment_status":"closed","ping_status":"closed","sticky":false,"template":"","format":"standard","meta":{"footnotes":""},"categories":[3],"tags":[],"class_list":["post-56820","post","type-post","status-publish","format-standard","has-post-thumbnail","hentry","category-noticias"],"jetpack_featured_media_url":"https:\/\/hablemosclarotdf.com.ar\/wp-content\/uploads\/2025\/11\/photo_2025-11-05_15-05-31.jpg","_links":{"self":[{"href":"https:\/\/hablemosclarotdf.com.ar\/index.php?rest_route=\/wp\/v2\/posts\/56820","targetHints":{"allow":["GET"]}}],"collection":[{"href":"https:\/\/hablemosclarotdf.com.ar\/index.php?rest_route=\/wp\/v2\/posts"}],"about":[{"href":"https:\/\/hablemosclarotdf.com.ar\/index.php?rest_route=\/wp\/v2\/types\/post"}],"author":[{"embeddable":true,"href":"https:\/\/hablemosclarotdf.com.ar\/index.php?rest_route=\/wp\/v2\/users\/1"}],"replies":[{"embeddable":true,"href":"https:\/\/hablemosclarotdf.com.ar\/index.php?rest_route=%2Fwp%2Fv2%2Fcomments&post=56820"}],"version-history":[{"count":1,"href":"https:\/\/hablemosclarotdf.com.ar\/index.php?rest_route=\/wp\/v2\/posts\/56820\/revisions"}],"predecessor-version":[{"id":56825,"href":"https:\/\/hablemosclarotdf.com.ar\/index.php?rest_route=\/wp\/v2\/posts\/56820\/revisions\/56825"}],"wp:featuredmedia":[{"embeddable":true,"href":"https:\/\/hablemosclarotdf.com.ar\/index.php?rest_route=\/wp\/v2\/media\/56821"}],"wp:attachment":[{"href":"https:\/\/hablemosclarotdf.com.ar\/index.php?rest_route=%2Fwp%2Fv2%2Fmedia&parent=56820"}],"wp:term":[{"taxonomy":"category","embeddable":true,"href":"https:\/\/hablemosclarotdf.com.ar\/index.php?rest_route=%2Fwp%2Fv2%2Fcategories&post=56820"},{"taxonomy":"post_tag","embeddable":true,"href":"https:\/\/hablemosclarotdf.com.ar\/index.php?rest_route=%2Fwp%2Fv2%2Ftags&post=56820"}],"curies":[{"name":"wp","href":"https:\/\/api.w.org\/{rel}","templated":true}]}}