{"id":56817,"date":"2025-11-05T15:04:59","date_gmt":"2025-11-05T18:04:59","guid":{"rendered":"https:\/\/hablemosclarotdf.com.ar\/?p=56817"},"modified":"2025-11-05T15:04:59","modified_gmt":"2025-11-05T18:04:59","slug":"rio-grande-el-municipio-brindara-una-nueva-jornada-de-orientacion-vocacional-para-estudiantes-del-ultimo-ano","status":"publish","type":"post","link":"https:\/\/hablemosclarotdf.com.ar\/?p=56817","title":{"rendered":"RIO GRANDE : EL MUNICIPIO BRINDAR\u00c1 UNA NUEVA JORNADA DE ORIENTACI\u00d3N VOCACIONAL PARA ESTUDIANTES DEL \u00daLTIMO A\u00d1O"},"content":{"rendered":"<p>Se trata de una propuesta que est\u00e1 destinada a quienes no pudieron participar de los talleres realizados en julio. La misma se llevar\u00e1 adelante el pr\u00f3ximo viernes 14 de noviembre, a partir de las 18 horas, en Casa de J\u00f3venes (Isla de los Estados 1195).<\/p>\n<p>El Municipio de R\u00edo Grande, a trav\u00e9s de la Direcci\u00f3n de Prevenci\u00f3n y Promoci\u00f3n de la Salud Mental -dependiente de la Direcci\u00f3n General de Salud Mental y Adicciones-, invita a las y los estudiantes del \u00faltimo a\u00f1o del nivel secundario a participar de una jornada de orientaci\u00f3n vocacional que se realizar\u00e1 el viernes 14 de noviembre en Casa de J\u00f3venes, a las 18 horas.<\/p>\n<p>Esta instancia est\u00e1 pensada para aquellas personas que no pudieron asistir a los talleres desarrollados en julio. A lo largo del encuentro se trabajar\u00e1 en la exploraci\u00f3n de intereses personales, se brindar\u00e1 informaci\u00f3n actualizada sobre la oferta acad\u00e9mica disponible a nivel local en modalidades presenciales y a distancia; adem\u00e1s, se promover\u00e1 una reflexi\u00f3n sobre la construcci\u00f3n del propio proyecto de vida.<\/p>\n<p>El equipo t\u00e9cnico acompa\u00f1ar\u00e1 a quienes participen en el proceso de autoconocimiento y toma de decisiones, brindando herramientas que faciliten la elecci\u00f3n vocacional desde una mirada integral y respetuosa de cada trayectoria.<\/p>\n<p>La actividad est\u00e1 dirigida a j\u00f3venes que cursan el \u00faltimo a\u00f1o del nivel secundario. Las y los interesados en participar deber\u00e1n inscribirse en Casa de J\u00f3venes (Isla de los Estados 1195) o comunicarse al 436223.<\/p>\n<p>El futuro de la juventud riograndense es importante para el desarrollo de nuestra ciudad. Motivo por el cual, el Municipio de R\u00edo Grande est\u00e1 comprometido a proporcionar las herramientas necesarias para seguir acompa\u00f1ando a las y los j\u00f3venes en la construcci\u00f3n de sus proyectos de vida.<\/p>\n","protected":false},"excerpt":{"rendered":"<p>Se trata de una propuesta que est\u00e1 destinada a quienes no pudieron participar de los&#8230;<\/p>\n","protected":false},"author":1,"featured_media":56818,"comment_status":"closed","ping_status":"closed","sticky":false,"template":"","format":"standard","meta":{"footnotes":""},"categories":[3],"tags":[],"class_list":["post-56817","post","type-post","status-publish","format-standard","has-post-thumbnail","hentry","category-noticias"],"jetpack_featured_media_url":"https:\/\/hablemosclarotdf.com.ar\/wp-content\/uploads\/2025\/11\/photo_2025-11-05_15-02-34.jpg","_links":{"self":[{"href":"https:\/\/hablemosclarotdf.com.ar\/index.php?rest_route=\/wp\/v2\/posts\/56817","targetHints":{"allow":["GET"]}}],"collection":[{"href":"https:\/\/hablemosclarotdf.com.ar\/index.php?rest_route=\/wp\/v2\/posts"}],"about":[{"href":"https:\/\/hablemosclarotdf.com.ar\/index.php?rest_route=\/wp\/v2\/types\/post"}],"author":[{"embeddable":true,"href":"https:\/\/hablemosclarotdf.com.ar\/index.php?rest_route=\/wp\/v2\/users\/1"}],"replies":[{"embeddable":true,"href":"https:\/\/hablemosclarotdf.com.ar\/index.php?rest_route=%2Fwp%2Fv2%2Fcomments&post=56817"}],"version-history":[{"count":1,"href":"https:\/\/hablemosclarotdf.com.ar\/index.php?rest_route=\/wp\/v2\/posts\/56817\/revisions"}],"predecessor-version":[{"id":56819,"href":"https:\/\/hablemosclarotdf.com.ar\/index.php?rest_route=\/wp\/v2\/posts\/56817\/revisions\/56819"}],"wp:featuredmedia":[{"embeddable":true,"href":"https:\/\/hablemosclarotdf.com.ar\/index.php?rest_route=\/wp\/v2\/media\/56818"}],"wp:attachment":[{"href":"https:\/\/hablemosclarotdf.com.ar\/index.php?rest_route=%2Fwp%2Fv2%2Fmedia&parent=56817"}],"wp:term":[{"taxonomy":"category","embeddable":true,"href":"https:\/\/hablemosclarotdf.com.ar\/index.php?rest_route=%2Fwp%2Fv2%2Fcategories&post=56817"},{"taxonomy":"post_tag","embeddable":true,"href":"https:\/\/hablemosclarotdf.com.ar\/index.php?rest_route=%2Fwp%2Fv2%2Ftags&post=56817"}],"curies":[{"name":"wp","href":"https:\/\/api.w.org\/{rel}","templated":true}]}}