{"id":56733,"date":"2025-11-04T20:17:44","date_gmt":"2025-11-04T23:17:44","guid":{"rendered":"https:\/\/hablemosclarotdf.com.ar\/?p=56733"},"modified":"2025-11-04T20:17:44","modified_gmt":"2025-11-04T23:17:44","slug":"mas-de-80-competidores-fueron-protagonistas-en-el-provincial-de-tenis-de-mesa","status":"publish","type":"post","link":"https:\/\/hablemosclarotdf.com.ar\/?p=56733","title":{"rendered":"M\u00c1S DE 80 COMPETIDORES FUERON PROTAGONISTAS EN EL PROVINCIAL DE TENIS DE MESA"},"content":{"rendered":"<p>El Gobierno de Tierra del Fuego, la Asociaci\u00f3n Fueguina de Tenis de Mesa y el Club San Mart\u00edn organizaron el Torneo Provincial de Tenis de Mesa, que cont\u00f3 con una gran participaci\u00f3n en el Polideportivo del Instituto Mar\u00eda Auxiliadora de R\u00edo Grande.<\/p>\n<p>La Escuela Provincial de Tenis de Mesa, el Club San Mart\u00edn, la Escuela Municipal de R\u00edo Grande, la escuela Top Speed y escuelas de Ushuaia conformaron un total de m\u00e1s de 80 competidores desde las categor\u00edas menores hasta veteranos, en iniciales y avanzados.<\/p>\n<p>El director Provincial de Desarrollo Deportivo Zona Norte, Emmanuel Larocca, acompa\u00f1\u00f3 el acto inaugural, que se desarroll\u00f3 en horas del mediod\u00eda con la presencia de todas las delegaciones.<\/p>\n<p>Este campeonato fue el \u00faltimo del calendario para la AFTM, a la espera de confirmar la actividad para el 2026.<\/p>\n<p>Los siguientes son los resultados de las diferentes categor\u00edas:<\/p>\n<p>Menores Sub 11<br \/>\n1\u00ba puesto: George Benitti<br \/>\n2\u00ba puesto: Milo Fraca<br \/>\n3\u00ba puesto: Yasmin Ibars<br \/>\n4\u00ba puesto: Thiago L\u00f3pez<br \/>\n5\u00ba puesto: Alondra Zambon<\/p>\n<p>Primera<br \/>\n1\u00ba puesto: Mauricio Soto<br \/>\n2\u00ba puesto: Enzo Paredes<br \/>\n3\u00ba puesto: Mart\u00edn Velasquez<br \/>\n4\u00ba puesto: Ignacio C\u00e1rdenas<\/p>\n<p>Segunda<br \/>\n1\u00ba puesto: Sebasti\u00e1n G\u00f3mez<br \/>\n2\u00ba puesto: Benjam\u00edn Moya<br \/>\n3\u00ba puesto: Diego Soria<br \/>\n4\u00ba puesto: Enzo Mansilla<\/p>\n<p>Tercera<br \/>\n1\u00ba puesto: Rosamel G\u00f3mez<br \/>\n2\u00ba puesto: Juan Pereyra<br \/>\n3\u00ba puesto: Francisco Cano<br \/>\n3\u00ba puesto: Hugo Romero<\/p>\n<p>Maxi 40<br \/>\n1\u00ba puesto: Cristian Hern\u00e1ndez<br \/>\n2\u00ba puesto: Daniel Fern\u00e1ndez<br \/>\n3\u00ba puesto Am\u00e9rico Pe\u00f1a<br \/>\n4\u00ba puesto: Rodrigo Del Pozo<\/p>\n<p>Maxi 60<br \/>\n1\u00ba puesto: Hugo Hern\u00e1ndez<br \/>\n2\u00ba puesto: Omar Paredes<br \/>\n3\u00ba puesto: Carlos Soto<br \/>\n4\u00ba puesto: Francisco Cano<\/p>\n<p>Maxi 60 Damas<br \/>\n1\u00ba puesto: Edith Igor<br \/>\n2\u00ba puesto: Ema C\u00e1rdenas<br \/>\n3\u00ba puesto: Graciela Quelin<\/p>\n<p>Dobles Principiantes<br \/>\n1\u00ba puesto: Le\u00f3n Hern\u00e1ndez \u2013 Rodrigo Andrade<br \/>\n2\u00ba puesto: Iona Picato \u2013 Santiago Iglesias<br \/>\n3\u00ba puesto: Francisco Lares \u2013 Lisandro Navarro<br \/>\n4\u00ba puesto: Hugo Romero \u2013 Rosamel G\u00f3mez<\/p>\n<p>Dobles Avanzado<br \/>\n1\u00ba puesto: Jos\u00e9 Lemos \u2013 Lautaro Bugnest<br \/>\n2\u00ba puesto: Ignacio C\u00e1rdenas \u2013 Enzo Paredes<br \/>\n3\u00ba puesto: Benjam\u00edn Moya \u2013 Juan Pereyra<br \/>\n4\u00ba puesto: Cristian Hern\u00e1ndez \u2013 Lautaro Hern\u00e1ndez<\/p>\n<p><img loading=\"lazy\" decoding=\"async\" class=\"alignnone size-medium wp-image-56735\" src=\"https:\/\/hablemosclarotdf.com.ar\/wp-content\/uploads\/2025\/11\/photo_2025-11-04_20-15-50-300x200.jpg\" alt=\"\" width=\"300\" height=\"200\" srcset=\"https:\/\/hablemosclarotdf.com.ar\/wp-content\/uploads\/2025\/11\/photo_2025-11-04_20-15-50-300x200.jpg 300w, https:\/\/hablemosclarotdf.com.ar\/wp-content\/uploads\/2025\/11\/photo_2025-11-04_20-15-50-1024x682.jpg 1024w, https:\/\/hablemosclarotdf.com.ar\/wp-content\/uploads\/2025\/11\/photo_2025-11-04_20-15-50-768x511.jpg 768w, https:\/\/hablemosclarotdf.com.ar\/wp-content\/uploads\/2025\/11\/photo_2025-11-04_20-15-50.jpg 1280w\" sizes=\"auto, (max-width: 300px) 100vw, 300px\" \/> <img loading=\"lazy\" decoding=\"async\" class=\"alignnone size-medium wp-image-56736\" src=\"https:\/\/hablemosclarotdf.com.ar\/wp-content\/uploads\/2025\/11\/photo_2025-11-04_20-15-54-300x200.jpg\" alt=\"\" width=\"300\" height=\"200\" srcset=\"https:\/\/hablemosclarotdf.com.ar\/wp-content\/uploads\/2025\/11\/photo_2025-11-04_20-15-54-300x200.jpg 300w, https:\/\/hablemosclarotdf.com.ar\/wp-content\/uploads\/2025\/11\/photo_2025-11-04_20-15-54-1024x682.jpg 1024w, https:\/\/hablemosclarotdf.com.ar\/wp-content\/uploads\/2025\/11\/photo_2025-11-04_20-15-54-768x511.jpg 768w, https:\/\/hablemosclarotdf.com.ar\/wp-content\/uploads\/2025\/11\/photo_2025-11-04_20-15-54.jpg 1280w\" sizes=\"auto, (max-width: 300px) 100vw, 300px\" \/> <img loading=\"lazy\" decoding=\"async\" class=\"alignnone size-medium wp-image-56737\" src=\"https:\/\/hablemosclarotdf.com.ar\/wp-content\/uploads\/2025\/11\/photo_2025-11-04_20-15-58-300x200.jpg\" alt=\"\" width=\"300\" height=\"200\" srcset=\"https:\/\/hablemosclarotdf.com.ar\/wp-content\/uploads\/2025\/11\/photo_2025-11-04_20-15-58-300x200.jpg 300w, https:\/\/hablemosclarotdf.com.ar\/wp-content\/uploads\/2025\/11\/photo_2025-11-04_20-15-58-1024x682.jpg 1024w, https:\/\/hablemosclarotdf.com.ar\/wp-content\/uploads\/2025\/11\/photo_2025-11-04_20-15-58-768x512.jpg 768w, https:\/\/hablemosclarotdf.com.ar\/wp-content\/uploads\/2025\/11\/photo_2025-11-04_20-15-58.jpg 1280w\" sizes=\"auto, (max-width: 300px) 100vw, 300px\" \/> <img loading=\"lazy\" decoding=\"async\" class=\"alignnone size-medium wp-image-56738\" src=\"https:\/\/hablemosclarotdf.com.ar\/wp-content\/uploads\/2025\/11\/photo_2025-11-04_20-16-02-300x200.jpg\" alt=\"\" width=\"300\" height=\"200\" srcset=\"https:\/\/hablemosclarotdf.com.ar\/wp-content\/uploads\/2025\/11\/photo_2025-11-04_20-16-02-300x200.jpg 300w, https:\/\/hablemosclarotdf.com.ar\/wp-content\/uploads\/2025\/11\/photo_2025-11-04_20-16-02-1024x682.jpg 1024w, https:\/\/hablemosclarotdf.com.ar\/wp-content\/uploads\/2025\/11\/photo_2025-11-04_20-16-02-768x511.jpg 768w, https:\/\/hablemosclarotdf.com.ar\/wp-content\/uploads\/2025\/11\/photo_2025-11-04_20-16-02.jpg 1280w\" sizes=\"auto, (max-width: 300px) 100vw, 300px\" \/> <img loading=\"lazy\" decoding=\"async\" class=\"alignnone size-medium wp-image-56739\" src=\"https:\/\/hablemosclarotdf.com.ar\/wp-content\/uploads\/2025\/11\/photo_2025-11-04_20-16-07-300x200.jpg\" alt=\"\" width=\"300\" height=\"200\" srcset=\"https:\/\/hablemosclarotdf.com.ar\/wp-content\/uploads\/2025\/11\/photo_2025-11-04_20-16-07-300x200.jpg 300w, https:\/\/hablemosclarotdf.com.ar\/wp-content\/uploads\/2025\/11\/photo_2025-11-04_20-16-07-1024x682.jpg 1024w, https:\/\/hablemosclarotdf.com.ar\/wp-content\/uploads\/2025\/11\/photo_2025-11-04_20-16-07-768x511.jpg 768w, https:\/\/hablemosclarotdf.com.ar\/wp-content\/uploads\/2025\/11\/photo_2025-11-04_20-16-07.jpg 1280w\" sizes=\"auto, (max-width: 300px) 100vw, 300px\" \/><\/p>\n","protected":false},"excerpt":{"rendered":"<p>El Gobierno de Tierra del Fuego, la Asociaci\u00f3n Fueguina de Tenis de Mesa y el&#8230;<\/p>\n","protected":false},"author":1,"featured_media":56734,"comment_status":"closed","ping_status":"closed","sticky":false,"template":"","format":"standard","meta":{"footnotes":""},"categories":[3],"tags":[],"class_list":["post-56733","post","type-post","status-publish","format-standard","has-post-thumbnail","hentry","category-noticias"],"jetpack_featured_media_url":"https:\/\/hablemosclarotdf.com.ar\/wp-content\/uploads\/2025\/11\/photo_2025-11-04_20-15-42.jpg","_links":{"self":[{"href":"https:\/\/hablemosclarotdf.com.ar\/index.php?rest_route=\/wp\/v2\/posts\/56733","targetHints":{"allow":["GET"]}}],"collection":[{"href":"https:\/\/hablemosclarotdf.com.ar\/index.php?rest_route=\/wp\/v2\/posts"}],"about":[{"href":"https:\/\/hablemosclarotdf.com.ar\/index.php?rest_route=\/wp\/v2\/types\/post"}],"author":[{"embeddable":true,"href":"https:\/\/hablemosclarotdf.com.ar\/index.php?rest_route=\/wp\/v2\/users\/1"}],"replies":[{"embeddable":true,"href":"https:\/\/hablemosclarotdf.com.ar\/index.php?rest_route=%2Fwp%2Fv2%2Fcomments&post=56733"}],"version-history":[{"count":1,"href":"https:\/\/hablemosclarotdf.com.ar\/index.php?rest_route=\/wp\/v2\/posts\/56733\/revisions"}],"predecessor-version":[{"id":56740,"href":"https:\/\/hablemosclarotdf.com.ar\/index.php?rest_route=\/wp\/v2\/posts\/56733\/revisions\/56740"}],"wp:featuredmedia":[{"embeddable":true,"href":"https:\/\/hablemosclarotdf.com.ar\/index.php?rest_route=\/wp\/v2\/media\/56734"}],"wp:attachment":[{"href":"https:\/\/hablemosclarotdf.com.ar\/index.php?rest_route=%2Fwp%2Fv2%2Fmedia&parent=56733"}],"wp:term":[{"taxonomy":"category","embeddable":true,"href":"https:\/\/hablemosclarotdf.com.ar\/index.php?rest_route=%2Fwp%2Fv2%2Fcategories&post=56733"},{"taxonomy":"post_tag","embeddable":true,"href":"https:\/\/hablemosclarotdf.com.ar\/index.php?rest_route=%2Fwp%2Fv2%2Ftags&post=56733"}],"curies":[{"name":"wp","href":"https:\/\/api.w.org\/{rel}","templated":true}]}}