{"id":56726,"date":"2025-11-04T18:09:19","date_gmt":"2025-11-04T21:09:19","guid":{"rendered":"https:\/\/hablemosclarotdf.com.ar\/?p=56726"},"modified":"2025-11-04T18:09:19","modified_gmt":"2025-11-04T21:09:19","slug":"rio-grande-participo-del-iv-encuentro-nacional-de-la-red-de-asentamientos-populares","status":"publish","type":"post","link":"https:\/\/hablemosclarotdf.com.ar\/?p=56726","title":{"rendered":"R\u00cdO GRANDE PARTICIP\u00d3 DEL IV ENCUENTRO NACIONAL DE LA RED DE ASENTAMIENTOS POPULARES"},"content":{"rendered":"<p>El Municipio de R\u00edo Grande, a trav\u00e9s de la Subsecretar\u00eda de H\u00e1bitat y Ordenamiento Territorial, particip\u00f3 del IV Encuentro Nacional de la Red de Asentamientos Populares, realizado el pasado 31 de octubre en la ciudad de Ushuaia.<\/p>\n<p>El evento fue organizado por la Universidad Nacional de Tierra del Fuego (UNTDF), el Instituto de Cultura, Sociedad y Estado (ICSE) y el CONICET, y reuni\u00f3 a vecinos, organizaciones sociales, profesionales, acad\u00e9micos y representantes del Gobierno de Tolhuin, del Instituto Provincial de Vivienda y H\u00e1bitat (IPVyH) y del Gobierno provincial.<\/p>\n<p>En representaci\u00f3n del Municipio asistieron la Arq. Carola Vestidelli, la Dra. en Urbanismo Luc\u00eda Fank y la Subsecretaria de H\u00e1bitat y Ordenamiento Territorial, Dra. Florencia Ortiz, quienes presentaron la ponencia titulada: \u201cLa problem\u00e1tica urbano-habitacional como tema de agenda p\u00fablica del Municipio de R\u00edo Grande (2021\u20132025)\u201d.<\/p>\n<p>Durante la exposici\u00f3n, se destac\u00f3 la concepci\u00f3n integral de la pol\u00edtica urbana y de h\u00e1bitat que posee el gobierno municipal, y se presentaron las principales l\u00edneas de trabajo impulsadas por la Subsecretar\u00eda, entre ellas los procesos de regularizaci\u00f3n dominial y de ordenamiento de sectores informales de borde, la creaci\u00f3n y consolidaci\u00f3n de nuevos barrios, la identificaci\u00f3n de vac\u00edos urbanos con potencial de desarrollo prioritario, la formulaci\u00f3n de proyectos urbano-ambientales acordes a las caracter\u00edsticas naturales del territorio y las acciones orientadas a la prevenci\u00f3n del riesgo ambiental y al resguardo del patrimonio natural mediante la declaraci\u00f3n de Reservas Naturales Urbanas.<\/p>\n<p>La participaci\u00f3n de R\u00edo Grande en este encuentro nacional reafirma el compromiso del Municipio con la construcci\u00f3n de pol\u00edticas de h\u00e1bitat inclusivas, sostenibles y con enfoque integral.<\/p>\n<p><img loading=\"lazy\" decoding=\"async\" class=\"alignnone size-medium wp-image-56728\" src=\"https:\/\/hablemosclarotdf.com.ar\/wp-content\/uploads\/2025\/11\/photo_2025-11-04_18-08-17-300x198.jpg\" alt=\"\" width=\"300\" height=\"198\" srcset=\"https:\/\/hablemosclarotdf.com.ar\/wp-content\/uploads\/2025\/11\/photo_2025-11-04_18-08-17-300x198.jpg 300w, https:\/\/hablemosclarotdf.com.ar\/wp-content\/uploads\/2025\/11\/photo_2025-11-04_18-08-17-1024x677.jpg 1024w, https:\/\/hablemosclarotdf.com.ar\/wp-content\/uploads\/2025\/11\/photo_2025-11-04_18-08-17-768x508.jpg 768w, https:\/\/hablemosclarotdf.com.ar\/wp-content\/uploads\/2025\/11\/photo_2025-11-04_18-08-17.jpg 1280w\" sizes=\"auto, (max-width: 300px) 100vw, 300px\" \/><\/p>\n","protected":false},"excerpt":{"rendered":"<p>El Municipio de R\u00edo Grande, a trav\u00e9s de la Subsecretar\u00eda de H\u00e1bitat y Ordenamiento Territorial,&#8230;<\/p>\n","protected":false},"author":1,"featured_media":56727,"comment_status":"closed","ping_status":"closed","sticky":false,"template":"","format":"standard","meta":{"footnotes":""},"categories":[3],"tags":[],"class_list":["post-56726","post","type-post","status-publish","format-standard","has-post-thumbnail","hentry","category-noticias"],"jetpack_featured_media_url":"https:\/\/hablemosclarotdf.com.ar\/wp-content\/uploads\/2025\/11\/photo_2025-11-04_18-08-01.jpg","_links":{"self":[{"href":"https:\/\/hablemosclarotdf.com.ar\/index.php?rest_route=\/wp\/v2\/posts\/56726","targetHints":{"allow":["GET"]}}],"collection":[{"href":"https:\/\/hablemosclarotdf.com.ar\/index.php?rest_route=\/wp\/v2\/posts"}],"about":[{"href":"https:\/\/hablemosclarotdf.com.ar\/index.php?rest_route=\/wp\/v2\/types\/post"}],"author":[{"embeddable":true,"href":"https:\/\/hablemosclarotdf.com.ar\/index.php?rest_route=\/wp\/v2\/users\/1"}],"replies":[{"embeddable":true,"href":"https:\/\/hablemosclarotdf.com.ar\/index.php?rest_route=%2Fwp%2Fv2%2Fcomments&post=56726"}],"version-history":[{"count":1,"href":"https:\/\/hablemosclarotdf.com.ar\/index.php?rest_route=\/wp\/v2\/posts\/56726\/revisions"}],"predecessor-version":[{"id":56729,"href":"https:\/\/hablemosclarotdf.com.ar\/index.php?rest_route=\/wp\/v2\/posts\/56726\/revisions\/56729"}],"wp:featuredmedia":[{"embeddable":true,"href":"https:\/\/hablemosclarotdf.com.ar\/index.php?rest_route=\/wp\/v2\/media\/56727"}],"wp:attachment":[{"href":"https:\/\/hablemosclarotdf.com.ar\/index.php?rest_route=%2Fwp%2Fv2%2Fmedia&parent=56726"}],"wp:term":[{"taxonomy":"category","embeddable":true,"href":"https:\/\/hablemosclarotdf.com.ar\/index.php?rest_route=%2Fwp%2Fv2%2Fcategories&post=56726"},{"taxonomy":"post_tag","embeddable":true,"href":"https:\/\/hablemosclarotdf.com.ar\/index.php?rest_route=%2Fwp%2Fv2%2Ftags&post=56726"}],"curies":[{"name":"wp","href":"https:\/\/api.w.org\/{rel}","templated":true}]}}