{"id":56722,"date":"2025-11-04T18:06:49","date_gmt":"2025-11-04T21:06:49","guid":{"rendered":"https:\/\/hablemosclarotdf.com.ar\/?p=56722"},"modified":"2025-11-04T18:06:49","modified_gmt":"2025-11-04T21:06:49","slug":"rio-grande-la-casa-de-la-cultura-sera-escenario-del-estreno-del-documental-la-banda-fue-es-y-sera","status":"publish","type":"post","link":"https:\/\/hablemosclarotdf.com.ar\/?p=56722","title":{"rendered":"RIO GRANDE : LA CASA DE LA CULTURA SER\u00c1 ESCENARIO DEL ESTRENO DEL DOCUMENTAL \u201cLA BANDA FUE, ES Y SER\u00c1\u201d"},"content":{"rendered":"<p>El Municipio de R\u00edo Grande invita a la comunidad a participar del estreno del documental \u201cLa banda fue, es y ser\u00e1\u201d, una producci\u00f3n audiovisual que recorre la historia y el legado de la Banda Municipal de M\u00fasica, a 40 a\u00f1os de su creaci\u00f3n. La presentaci\u00f3n se realizar\u00e1 este mi\u00e9rcoles, a las 19:30 horas, en la Casa de la Cultura, con la presencia de autoridades locales, ex integrantes y actuales miembros de esta emblem\u00e1tica formaci\u00f3n art\u00edstica. Las entradas se retiran hasta las 20 horas de este martes en el Centro Cultural \u201cLeandro N. Alem\u201d.<\/p>\n<p>El proyecto audiovisual fue realizado por Roberto Tapia y Mariano Cerd\u00e1, con relatos de Pablo Vallina, quienes llevaron adelante este trabajo durante la pandemia y lo culminaron recientemente. La producci\u00f3n refleja el proceso de creaci\u00f3n y continuidad de la Banda Municipal, as\u00ed como las vivencias, experiencias y an\u00e9cdotas compartidas por sus m\u00fasicos a lo largo del tiempo, muchas de ellas desconocidas para las y los riograndenses.<\/p>\n<p>El documental fue posible gracias al aporte de vecinos y vecinas que colaboraron con material fotogr\u00e1fico y audiovisual de distintas \u00e9pocas, enriqueciendo el relato con recuerdos, testimonios y escenas que reviven los inicios y la evoluci\u00f3n de la Banda Municipal. Estas contribuciones permitieron reconstruir colectivamente los momentos m\u00e1s significativos de sus m\u00e1s de cuarenta a\u00f1os de historia, fortaleciendo el v\u00ednculo entre la agrupaci\u00f3n y la comunidad que la vio nacer.<\/p>\n<p>A trav\u00e9s de im\u00e1genes, testimonios y material hist\u00f3rico, el documental ofrece un recorrido por las cuatro d\u00e9cadas de trayectoria de la Banda Municipal, desde sus inicios durante la gesti\u00f3n del intendente \u201cChiquito\u201d Mart\u00ednez \u2014cuando se gest\u00f3 la idea y se incorporaron los primeros instrumentos\u2014 hasta su consolidaci\u00f3n como uno de los s\u00edmbolos culturales m\u00e1s queridos por la comunidad riograndense.<\/p>\n<p>Durante el evento, se realizar\u00e1 un reconocimiento a los fundadores, ex directores y m\u00fasicos que fueron parte de la historia de la Banda Municipal, incluyendo un homenaje especial a quienes ya no est\u00e1n f\u00edsicamente, pero dejaron una huella imborrable en la vida cultural de R\u00edo Grande. Tambi\u00e9n se distinguir\u00e1 a los miembros actuales, que contin\u00faan sosteniendo el esp\u00edritu de esta agrupaci\u00f3n que ha representado a la ciudad en m\u00faltiples escenarios locales, provinciales y nacionales.<\/p>\n<p>Las entradas para asistir al estreno pueden retirarse hasta el d\u00eda de hoy, de 10 a 20 horas, en el Centro Cultural \u201cLeandro N. Alem\u201d.<\/p>\n<p>Por medio de esta propuesta, el Municipio reafirma su compromiso con la preservaci\u00f3n de la memoria colectiva, la promoci\u00f3n del arte y la cultura local, y el reconocimiento a quienes con su talento y dedicaci\u00f3n contribuyen al desarrollo cultural de nuestra ciudad.<\/p>\n<p><img loading=\"lazy\" decoding=\"async\" class=\"alignnone size-medium wp-image-56724\" src=\"https:\/\/hablemosclarotdf.com.ar\/wp-content\/uploads\/2025\/11\/photo_2025-11-04_18-05-55-300x200.jpg\" alt=\"\" width=\"300\" height=\"200\" srcset=\"https:\/\/hablemosclarotdf.com.ar\/wp-content\/uploads\/2025\/11\/photo_2025-11-04_18-05-55-300x200.jpg 300w, https:\/\/hablemosclarotdf.com.ar\/wp-content\/uploads\/2025\/11\/photo_2025-11-04_18-05-55-1024x682.jpg 1024w, https:\/\/hablemosclarotdf.com.ar\/wp-content\/uploads\/2025\/11\/photo_2025-11-04_18-05-55-768x512.jpg 768w, https:\/\/hablemosclarotdf.com.ar\/wp-content\/uploads\/2025\/11\/photo_2025-11-04_18-05-55-1536x1023.jpg 1536w, https:\/\/hablemosclarotdf.com.ar\/wp-content\/uploads\/2025\/11\/photo_2025-11-04_18-05-55.jpg 1600w\" sizes=\"auto, (max-width: 300px) 100vw, 300px\" \/><\/p>\n","protected":false},"excerpt":{"rendered":"<p>El Municipio de R\u00edo Grande invita a la comunidad a participar del estreno del documental&#8230;<\/p>\n","protected":false},"author":1,"featured_media":56723,"comment_status":"closed","ping_status":"closed","sticky":false,"template":"","format":"standard","meta":{"footnotes":""},"categories":[3],"tags":[],"class_list":["post-56722","post","type-post","status-publish","format-standard","has-post-thumbnail","hentry","category-noticias"],"jetpack_featured_media_url":"https:\/\/hablemosclarotdf.com.ar\/wp-content\/uploads\/2025\/11\/photo_2025-11-04_18-05-48.jpg","_links":{"self":[{"href":"https:\/\/hablemosclarotdf.com.ar\/index.php?rest_route=\/wp\/v2\/posts\/56722","targetHints":{"allow":["GET"]}}],"collection":[{"href":"https:\/\/hablemosclarotdf.com.ar\/index.php?rest_route=\/wp\/v2\/posts"}],"about":[{"href":"https:\/\/hablemosclarotdf.com.ar\/index.php?rest_route=\/wp\/v2\/types\/post"}],"author":[{"embeddable":true,"href":"https:\/\/hablemosclarotdf.com.ar\/index.php?rest_route=\/wp\/v2\/users\/1"}],"replies":[{"embeddable":true,"href":"https:\/\/hablemosclarotdf.com.ar\/index.php?rest_route=%2Fwp%2Fv2%2Fcomments&post=56722"}],"version-history":[{"count":1,"href":"https:\/\/hablemosclarotdf.com.ar\/index.php?rest_route=\/wp\/v2\/posts\/56722\/revisions"}],"predecessor-version":[{"id":56725,"href":"https:\/\/hablemosclarotdf.com.ar\/index.php?rest_route=\/wp\/v2\/posts\/56722\/revisions\/56725"}],"wp:featuredmedia":[{"embeddable":true,"href":"https:\/\/hablemosclarotdf.com.ar\/index.php?rest_route=\/wp\/v2\/media\/56723"}],"wp:attachment":[{"href":"https:\/\/hablemosclarotdf.com.ar\/index.php?rest_route=%2Fwp%2Fv2%2Fmedia&parent=56722"}],"wp:term":[{"taxonomy":"category","embeddable":true,"href":"https:\/\/hablemosclarotdf.com.ar\/index.php?rest_route=%2Fwp%2Fv2%2Fcategories&post=56722"},{"taxonomy":"post_tag","embeddable":true,"href":"https:\/\/hablemosclarotdf.com.ar\/index.php?rest_route=%2Fwp%2Fv2%2Ftags&post=56722"}],"curies":[{"name":"wp","href":"https:\/\/api.w.org\/{rel}","templated":true}]}}