{"id":56704,"date":"2025-11-04T14:00:37","date_gmt":"2025-11-04T17:00:37","guid":{"rendered":"https:\/\/hablemosclarotdf.com.ar\/?p=56704"},"modified":"2025-11-04T14:00:37","modified_gmt":"2025-11-04T17:00:37","slug":"rio-grande-se-llevo-adelante-la-primera-noche-de-la-serenata-estudiantil-2025","status":"publish","type":"post","link":"https:\/\/hablemosclarotdf.com.ar\/?p=56704","title":{"rendered":"RIO GRANDE : SE LLEV\u00d3 ADELANTE LA PRIMERA NOCHE DE LA SERENATA ESTUDIANTIL 2025"},"content":{"rendered":"<p>La celebraci\u00f3n se desarroll\u00f3 con un gran acompa\u00f1amiento de las juventudes riograndenses en un marco de alegr\u00eda, respeto y cuidado. Se destaca el comportamiento de los y las estudiantes que disfrutaron de una fiesta segura y organizada.<\/p>\n<p>El Municipio de R\u00edo Grande dispuso un amplio operativo de seguridad y acompa\u00f1amiento, integrado por m\u00e1s de 150 trabajadores y trabajadoras municipales, junto a personal de la Polic\u00eda Federal y del \u00e1rea de Admisi\u00f3n y Permanencia.<\/p>\n<p>Durante la jornada, el trabajo coordinado entre las distintas \u00e1reas permiti\u00f3 que todo transcurriera con normalidad. Las c\u00e1maras de vigilancia, el monitoreo constante y la presencia en territorio del personal de Defensa Civil, Tr\u00e1nsito, Servicios P\u00fablicos, la Agencia de Deportes, Cultura y Turismo, Promotores Territoriales, Juventudes, equipos de seguridad, y de las Secretar\u00edas de G\u00e9nero y Desarrollo Comunitario y de Salud garantizaron el desarrollo ordenado y seguro del evento.<\/p>\n<p>Esta primera noche marca el inicio de una nueva edici\u00f3n de las Serenatas Estudiantiles, una propuesta esperada por las juventudes de la ciudad que celebra el cierre de una etapa compartida en un espacio cuidado, seguro y de encuentro.<\/p>\n<p><img loading=\"lazy\" decoding=\"async\" class=\"alignnone size-medium wp-image-56706\" src=\"https:\/\/hablemosclarotdf.com.ar\/wp-content\/uploads\/2025\/11\/photo_2025-11-04_13-59-25-300x175.jpg\" alt=\"\" width=\"300\" height=\"175\" srcset=\"https:\/\/hablemosclarotdf.com.ar\/wp-content\/uploads\/2025\/11\/photo_2025-11-04_13-59-25-300x175.jpg 300w, https:\/\/hablemosclarotdf.com.ar\/wp-content\/uploads\/2025\/11\/photo_2025-11-04_13-59-25-768x447.jpg 768w, https:\/\/hablemosclarotdf.com.ar\/wp-content\/uploads\/2025\/11\/photo_2025-11-04_13-59-25.jpg 880w\" sizes=\"auto, (max-width: 300px) 100vw, 300px\" \/><\/p>\n","protected":false},"excerpt":{"rendered":"<p>La celebraci\u00f3n se desarroll\u00f3 con un gran acompa\u00f1amiento de las juventudes riograndenses en un marco&#8230;<\/p>\n","protected":false},"author":1,"featured_media":56705,"comment_status":"closed","ping_status":"closed","sticky":false,"template":"","format":"standard","meta":{"footnotes":""},"categories":[3],"tags":[],"class_list":["post-56704","post","type-post","status-publish","format-standard","has-post-thumbnail","hentry","category-noticias"],"jetpack_featured_media_url":"https:\/\/hablemosclarotdf.com.ar\/wp-content\/uploads\/2025\/11\/photo_2025-11-04_13-59-20.jpg","_links":{"self":[{"href":"https:\/\/hablemosclarotdf.com.ar\/index.php?rest_route=\/wp\/v2\/posts\/56704","targetHints":{"allow":["GET"]}}],"collection":[{"href":"https:\/\/hablemosclarotdf.com.ar\/index.php?rest_route=\/wp\/v2\/posts"}],"about":[{"href":"https:\/\/hablemosclarotdf.com.ar\/index.php?rest_route=\/wp\/v2\/types\/post"}],"author":[{"embeddable":true,"href":"https:\/\/hablemosclarotdf.com.ar\/index.php?rest_route=\/wp\/v2\/users\/1"}],"replies":[{"embeddable":true,"href":"https:\/\/hablemosclarotdf.com.ar\/index.php?rest_route=%2Fwp%2Fv2%2Fcomments&post=56704"}],"version-history":[{"count":1,"href":"https:\/\/hablemosclarotdf.com.ar\/index.php?rest_route=\/wp\/v2\/posts\/56704\/revisions"}],"predecessor-version":[{"id":56707,"href":"https:\/\/hablemosclarotdf.com.ar\/index.php?rest_route=\/wp\/v2\/posts\/56704\/revisions\/56707"}],"wp:featuredmedia":[{"embeddable":true,"href":"https:\/\/hablemosclarotdf.com.ar\/index.php?rest_route=\/wp\/v2\/media\/56705"}],"wp:attachment":[{"href":"https:\/\/hablemosclarotdf.com.ar\/index.php?rest_route=%2Fwp%2Fv2%2Fmedia&parent=56704"}],"wp:term":[{"taxonomy":"category","embeddable":true,"href":"https:\/\/hablemosclarotdf.com.ar\/index.php?rest_route=%2Fwp%2Fv2%2Fcategories&post=56704"},{"taxonomy":"post_tag","embeddable":true,"href":"https:\/\/hablemosclarotdf.com.ar\/index.php?rest_route=%2Fwp%2Fv2%2Ftags&post=56704"}],"curies":[{"name":"wp","href":"https:\/\/api.w.org\/{rel}","templated":true}]}}