{"id":56691,"date":"2025-11-04T12:57:35","date_gmt":"2025-11-04T15:57:35","guid":{"rendered":"https:\/\/hablemosclarotdf.com.ar\/?p=56691"},"modified":"2025-11-04T12:57:35","modified_gmt":"2025-11-04T15:57:35","slug":"rio-grande-la-escalada-deportiva-crece","status":"publish","type":"post","link":"https:\/\/hablemosclarotdf.com.ar\/?p=56691","title":{"rendered":"RIO GRANDE : LA ESCALADA DEPORTIVA CRECE"},"content":{"rendered":"<p>Durante el \u00faltimo fin de semana se llev\u00f3 adelante un torneo de escalada deportiva en el Parque de Deportes Urbanos, evento que convoc\u00f3 a 44 competidores y competidoras provenientes de R\u00edo Grande, Ushuaia, R\u00edo Gallegos y Punta Arenas. Las y los atletas reconocieron el crecimiento de la Escuela Municipal y el compromiso del Municipio con esta disciplina en expansi\u00f3n.<\/p>\n<p>La jornada se desarroll\u00f3 en un clima de camarader\u00eda y entusiasmo, con una destacada participaci\u00f3n de deportistas locales y visitantes del Club Andino de Ushuaia y R\u00edo Gallegos, la Escuela \u201cJapo\u201d de Punta Arenas, el Centro de Escalada Crux y la Escuela Deportiva Municipal de R\u00edo Grande, que fue especialmente reconocida por su crecimiento sostenido y el nivel t\u00e9cnico de sus representantes.<\/p>\n<p>La comunidad escaladora valor\u00f3 el espacio brindado por el Municipio para el desarrollo de esta disciplina, que suma cada vez m\u00e1s adeptos en nuestra ciudad, y destac\u00f3 el trabajo que se viene realizando desde la Escuela Municipal, tanto en formaci\u00f3n como en infraestructura.<\/p>\n<p>Los ganadores del torneo fueron Valentina Toro (Ushuaia) en Promocionales femenino, Miguel C\u00e1rdenas (Punta Arenas) en Promocionales masculino, Maximiliano Mart\u00ednez (R\u00edo Gallegos) en Mayores masculino y Yanina Moccagata (Ushuaia) en Mayores femenino.<\/p>\n<p>Eduardo Soto, referente de la Escuela \u201cJapo Vulder\u201d de Punta Arenas, destac\u00f3 la importancia de este tipo de encuentros y el rol del Estado en su promoci\u00f3n: \u201cEs fundamental que desde el Municipio se fomenten estas instancias para quienes practicamos escalada, son un gran aporte para las pr\u00f3ximas generaciones. En mi ciudad no es com\u00fan que estos eventos surjan desde el Municipio, por eso creo que ac\u00e1 deber\u00edan sentirse orgullosos, aprovecharlo y cuidarlo\u201d.<\/p>\n<p>Con esta competencia, el Municipio de R\u00edo Grande reafirma su compromiso con el deporte y la generaci\u00f3n de espacios que promueven la actividad f\u00edsica, el desarrollo de talentos locales y la integraci\u00f3n regional.<\/p>\n<p>La escalada deportiva crece en R\u00edo Grande, y con ella, el reconocimiento al trabajo sostenido del Municipio y su Escuela Deportiva Municipal, que ya se posiciona como un actor clave en el circuito regional.<\/p>\n<p><img loading=\"lazy\" decoding=\"async\" class=\"alignnone size-medium wp-image-56693\" src=\"https:\/\/hablemosclarotdf.com.ar\/wp-content\/uploads\/2025\/11\/photo_2025-11-04_12-56-16-300x237.jpg\" alt=\"\" width=\"300\" height=\"237\" srcset=\"https:\/\/hablemosclarotdf.com.ar\/wp-content\/uploads\/2025\/11\/photo_2025-11-04_12-56-16-300x237.jpg 300w, https:\/\/hablemosclarotdf.com.ar\/wp-content\/uploads\/2025\/11\/photo_2025-11-04_12-56-16-1024x808.jpg 1024w, https:\/\/hablemosclarotdf.com.ar\/wp-content\/uploads\/2025\/11\/photo_2025-11-04_12-56-16-768x606.jpg 768w, https:\/\/hablemosclarotdf.com.ar\/wp-content\/uploads\/2025\/11\/photo_2025-11-04_12-56-16.jpg 1280w\" sizes=\"auto, (max-width: 300px) 100vw, 300px\" \/> <img loading=\"lazy\" decoding=\"async\" class=\"alignnone size-medium wp-image-56694\" src=\"https:\/\/hablemosclarotdf.com.ar\/wp-content\/uploads\/2025\/11\/photo_2025-11-04_12-56-20-300x200.jpg\" alt=\"\" width=\"300\" height=\"200\" srcset=\"https:\/\/hablemosclarotdf.com.ar\/wp-content\/uploads\/2025\/11\/photo_2025-11-04_12-56-20-300x200.jpg 300w, https:\/\/hablemosclarotdf.com.ar\/wp-content\/uploads\/2025\/11\/photo_2025-11-04_12-56-20-1024x682.jpg 1024w, https:\/\/hablemosclarotdf.com.ar\/wp-content\/uploads\/2025\/11\/photo_2025-11-04_12-56-20-768x512.jpg 768w, https:\/\/hablemosclarotdf.com.ar\/wp-content\/uploads\/2025\/11\/photo_2025-11-04_12-56-20.jpg 1280w\" sizes=\"auto, (max-width: 300px) 100vw, 300px\" \/> <img loading=\"lazy\" decoding=\"async\" class=\"alignnone size-medium wp-image-56695\" src=\"https:\/\/hablemosclarotdf.com.ar\/wp-content\/uploads\/2025\/11\/photo_2025-11-04_12-56-24-300x200.jpg\" alt=\"\" width=\"300\" height=\"200\" srcset=\"https:\/\/hablemosclarotdf.com.ar\/wp-content\/uploads\/2025\/11\/photo_2025-11-04_12-56-24-300x200.jpg 300w, https:\/\/hablemosclarotdf.com.ar\/wp-content\/uploads\/2025\/11\/photo_2025-11-04_12-56-24-1024x683.jpg 1024w, https:\/\/hablemosclarotdf.com.ar\/wp-content\/uploads\/2025\/11\/photo_2025-11-04_12-56-24-768x512.jpg 768w, https:\/\/hablemosclarotdf.com.ar\/wp-content\/uploads\/2025\/11\/photo_2025-11-04_12-56-24.jpg 1280w\" sizes=\"auto, (max-width: 300px) 100vw, 300px\" \/> <img loading=\"lazy\" decoding=\"async\" class=\"alignnone size-medium wp-image-56696\" src=\"https:\/\/hablemosclarotdf.com.ar\/wp-content\/uploads\/2025\/11\/photo_2025-11-04_12-56-29-300x200.jpg\" alt=\"\" width=\"300\" height=\"200\" srcset=\"https:\/\/hablemosclarotdf.com.ar\/wp-content\/uploads\/2025\/11\/photo_2025-11-04_12-56-29-300x200.jpg 300w, https:\/\/hablemosclarotdf.com.ar\/wp-content\/uploads\/2025\/11\/photo_2025-11-04_12-56-29-1024x683.jpg 1024w, https:\/\/hablemosclarotdf.com.ar\/wp-content\/uploads\/2025\/11\/photo_2025-11-04_12-56-29-768x512.jpg 768w, https:\/\/hablemosclarotdf.com.ar\/wp-content\/uploads\/2025\/11\/photo_2025-11-04_12-56-29.jpg 1280w\" sizes=\"auto, (max-width: 300px) 100vw, 300px\" \/><\/p>\n","protected":false},"excerpt":{"rendered":"<p>Durante el \u00faltimo fin de semana se llev\u00f3 adelante un torneo de escalada deportiva en&#8230;<\/p>\n","protected":false},"author":1,"featured_media":56692,"comment_status":"closed","ping_status":"closed","sticky":false,"template":"","format":"standard","meta":{"footnotes":""},"categories":[3],"tags":[],"class_list":["post-56691","post","type-post","status-publish","format-standard","has-post-thumbnail","hentry","category-noticias"],"jetpack_featured_media_url":"https:\/\/hablemosclarotdf.com.ar\/wp-content\/uploads\/2025\/11\/photo_2025-11-04_12-56-08.jpg","_links":{"self":[{"href":"https:\/\/hablemosclarotdf.com.ar\/index.php?rest_route=\/wp\/v2\/posts\/56691","targetHints":{"allow":["GET"]}}],"collection":[{"href":"https:\/\/hablemosclarotdf.com.ar\/index.php?rest_route=\/wp\/v2\/posts"}],"about":[{"href":"https:\/\/hablemosclarotdf.com.ar\/index.php?rest_route=\/wp\/v2\/types\/post"}],"author":[{"embeddable":true,"href":"https:\/\/hablemosclarotdf.com.ar\/index.php?rest_route=\/wp\/v2\/users\/1"}],"replies":[{"embeddable":true,"href":"https:\/\/hablemosclarotdf.com.ar\/index.php?rest_route=%2Fwp%2Fv2%2Fcomments&post=56691"}],"version-history":[{"count":1,"href":"https:\/\/hablemosclarotdf.com.ar\/index.php?rest_route=\/wp\/v2\/posts\/56691\/revisions"}],"predecessor-version":[{"id":56697,"href":"https:\/\/hablemosclarotdf.com.ar\/index.php?rest_route=\/wp\/v2\/posts\/56691\/revisions\/56697"}],"wp:featuredmedia":[{"embeddable":true,"href":"https:\/\/hablemosclarotdf.com.ar\/index.php?rest_route=\/wp\/v2\/media\/56692"}],"wp:attachment":[{"href":"https:\/\/hablemosclarotdf.com.ar\/index.php?rest_route=%2Fwp%2Fv2%2Fmedia&parent=56691"}],"wp:term":[{"taxonomy":"category","embeddable":true,"href":"https:\/\/hablemosclarotdf.com.ar\/index.php?rest_route=%2Fwp%2Fv2%2Fcategories&post=56691"},{"taxonomy":"post_tag","embeddable":true,"href":"https:\/\/hablemosclarotdf.com.ar\/index.php?rest_route=%2Fwp%2Fv2%2Ftags&post=56691"}],"curies":[{"name":"wp","href":"https:\/\/api.w.org\/{rel}","templated":true}]}}