{"id":56671,"date":"2025-11-04T12:42:45","date_gmt":"2025-11-04T15:42:45","guid":{"rendered":"https:\/\/hablemosclarotdf.com.ar\/?p=56671"},"modified":"2025-11-04T12:42:45","modified_gmt":"2025-11-04T15:42:45","slug":"los-polos-creativos-de-ushuaia-y-rio-grande-lanzan-nuevas-propuestas-para-la-comunidad","status":"publish","type":"post","link":"https:\/\/hablemosclarotdf.com.ar\/?p=56671","title":{"rendered":"LOS POLOS CREATIVOS DE USHUAIA Y R\u00cdO GRANDE LANZAN NUEVAS PROPUESTAS PARA LA COMUNIDAD"},"content":{"rendered":"<p>La Agencia de Innovaci\u00f3n provincial, a trav\u00e9s de los polos creativos Norte y Sur, abri\u00f3 las inscripciones para una nueva agenda de talleres de cara al cierre de a\u00f1o, con propuestas innovadoras en tecnolog\u00eda, arte digital y desarrollo profesional.<\/p>\n<p>Las actividades son presenciales y abarcan las siguientes propuestas: Stop Motion para chicos y chicas de 8 a 12 a\u00f1os; Taller de Desarrollo Profesional: CV, Fotograf\u00eda y Entrevista para mayores de 18 a\u00f1os; Taller de Ingenier\u00eda de Prompt desde 15 a\u00f1os; Rob\u00f3tica para Adolescentes de 13 a 18 a\u00f1os; Stream desde Cero para mayores de 16 y Desarrollo de Videojuegos: Creaci\u00f3n de Proyectos Cortos para chicos y chicas de 12 a 15 a\u00f1os.<\/p>\n<p>Las inscripciones se realizan a trav\u00e9s de https:\/\/goo.su\/i1KnE, o bien en las sedes de los polos creativos: en Ushuaia ubicado en Gobernador Paz 836 y en R\u00edo Grande en Thorne 1406.<\/p>\n<p><img loading=\"lazy\" decoding=\"async\" class=\"alignnone size-medium wp-image-56673\" src=\"https:\/\/hablemosclarotdf.com.ar\/wp-content\/uploads\/2025\/11\/photo_2025-11-04_12-41-43-240x300.jpg\" alt=\"\" width=\"240\" height=\"300\" srcset=\"https:\/\/hablemosclarotdf.com.ar\/wp-content\/uploads\/2025\/11\/photo_2025-11-04_12-41-43-240x300.jpg 240w, https:\/\/hablemosclarotdf.com.ar\/wp-content\/uploads\/2025\/11\/photo_2025-11-04_12-41-43-819x1024.jpg 819w, https:\/\/hablemosclarotdf.com.ar\/wp-content\/uploads\/2025\/11\/photo_2025-11-04_12-41-43-768x960.jpg 768w, https:\/\/hablemosclarotdf.com.ar\/wp-content\/uploads\/2025\/11\/photo_2025-11-04_12-41-43.jpg 1024w\" sizes=\"auto, (max-width: 240px) 100vw, 240px\" \/> <img loading=\"lazy\" decoding=\"async\" class=\"alignnone size-medium wp-image-56674\" src=\"https:\/\/hablemosclarotdf.com.ar\/wp-content\/uploads\/2025\/11\/photo_2025-11-04_12-41-47-240x300.jpg\" alt=\"\" width=\"240\" height=\"300\" srcset=\"https:\/\/hablemosclarotdf.com.ar\/wp-content\/uploads\/2025\/11\/photo_2025-11-04_12-41-47-240x300.jpg 240w, https:\/\/hablemosclarotdf.com.ar\/wp-content\/uploads\/2025\/11\/photo_2025-11-04_12-41-47-819x1024.jpg 819w, https:\/\/hablemosclarotdf.com.ar\/wp-content\/uploads\/2025\/11\/photo_2025-11-04_12-41-47-768x960.jpg 768w, https:\/\/hablemosclarotdf.com.ar\/wp-content\/uploads\/2025\/11\/photo_2025-11-04_12-41-47.jpg 1024w\" sizes=\"auto, (max-width: 240px) 100vw, 240px\" \/><\/p>\n","protected":false},"excerpt":{"rendered":"<p>La Agencia de Innovaci\u00f3n provincial, a trav\u00e9s de los polos creativos Norte y Sur, abri\u00f3&#8230;<\/p>\n","protected":false},"author":1,"featured_media":56672,"comment_status":"closed","ping_status":"closed","sticky":false,"template":"","format":"standard","meta":{"footnotes":""},"categories":[3],"tags":[],"class_list":["post-56671","post","type-post","status-publish","format-standard","has-post-thumbnail","hentry","category-noticias"],"jetpack_featured_media_url":"https:\/\/hablemosclarotdf.com.ar\/wp-content\/uploads\/2025\/11\/photo_2025-11-04_12-41-30.jpg","_links":{"self":[{"href":"https:\/\/hablemosclarotdf.com.ar\/index.php?rest_route=\/wp\/v2\/posts\/56671","targetHints":{"allow":["GET"]}}],"collection":[{"href":"https:\/\/hablemosclarotdf.com.ar\/index.php?rest_route=\/wp\/v2\/posts"}],"about":[{"href":"https:\/\/hablemosclarotdf.com.ar\/index.php?rest_route=\/wp\/v2\/types\/post"}],"author":[{"embeddable":true,"href":"https:\/\/hablemosclarotdf.com.ar\/index.php?rest_route=\/wp\/v2\/users\/1"}],"replies":[{"embeddable":true,"href":"https:\/\/hablemosclarotdf.com.ar\/index.php?rest_route=%2Fwp%2Fv2%2Fcomments&post=56671"}],"version-history":[{"count":1,"href":"https:\/\/hablemosclarotdf.com.ar\/index.php?rest_route=\/wp\/v2\/posts\/56671\/revisions"}],"predecessor-version":[{"id":56675,"href":"https:\/\/hablemosclarotdf.com.ar\/index.php?rest_route=\/wp\/v2\/posts\/56671\/revisions\/56675"}],"wp:featuredmedia":[{"embeddable":true,"href":"https:\/\/hablemosclarotdf.com.ar\/index.php?rest_route=\/wp\/v2\/media\/56672"}],"wp:attachment":[{"href":"https:\/\/hablemosclarotdf.com.ar\/index.php?rest_route=%2Fwp%2Fv2%2Fmedia&parent=56671"}],"wp:term":[{"taxonomy":"category","embeddable":true,"href":"https:\/\/hablemosclarotdf.com.ar\/index.php?rest_route=%2Fwp%2Fv2%2Fcategories&post=56671"},{"taxonomy":"post_tag","embeddable":true,"href":"https:\/\/hablemosclarotdf.com.ar\/index.php?rest_route=%2Fwp%2Fv2%2Ftags&post=56671"}],"curies":[{"name":"wp","href":"https:\/\/api.w.org\/{rel}","templated":true}]}}