{"id":56668,"date":"2025-11-04T12:39:47","date_gmt":"2025-11-04T15:39:47","guid":{"rendered":"https:\/\/hablemosclarotdf.com.ar\/?p=56668"},"modified":"2025-11-04T12:39:47","modified_gmt":"2025-11-04T15:39:47","slug":"ushuaia-abrio-la-preinscripcion-al-programa-promoviendo-el-arraigo","status":"publish","type":"post","link":"https:\/\/hablemosclarotdf.com.ar\/?p=56668","title":{"rendered":"USHUAIA : ABRI\u00d3 LA PREINSCRIPCI\u00d3N  AL PROGRAMA \u201cPROMOVIENDO EL ARRAIGO\u201d"},"content":{"rendered":"<p>La Municipalidad de Ushuaia, a trav\u00e9s de la Secretar\u00eda de Pol\u00edticas Sociales, Sanitarias y Derechos Humanos, anunci\u00f3 la apertura de la preinscripci\u00f3n para una nueva edici\u00f3n del programa \u201cPromoviendo el Arraigo\u201d, destinado a j\u00f3venes estudiantes de carreras terciarias y universitarias que deseen realizar pr\u00e1cticas preprofesionales rentadas en la ciudad.<\/p>\n<p>La propuesta busca fomentar el arraigo y la inserci\u00f3n laboral de j\u00f3venes que cursan o finalizaron sus estudios durante 2025.<\/p>\n<p>A trav\u00e9s de este programa, las y los estudiantes podr\u00e1n formarse, capacitarse y realizar pr\u00e1cticas en distintas \u00e1reas de trabajo de la Municipalidad de Ushuaia, fortaleciendo sus trayectorias acad\u00e9micas y su compromiso con la comunidad.<\/p>\n<p>La preinscripci\u00f3n se realiza exclusivamente a trav\u00e9s del formulario disponible en la BIO del Instagram @politicassocialesush y en el sitio web oficial de la Municipalidad de Ushuaia: https:\/\/inscripciones.website\/promoviendo-el-arraigo\/<\/p>\n<p>&nbsp;<\/p>\n<p>Desde el \u00e1rea destacaron que el Programa Promoviendo el Arraigo \u201crepresenta una oportunidad para que los j\u00f3venes puedan aplicar sus conocimientos, conocer la din\u00e1mica del trabajo comunitario y proyectar su futuro profesional en la ciudad\u201d.<\/p>\n","protected":false},"excerpt":{"rendered":"<p>La Municipalidad de Ushuaia, a trav\u00e9s de la Secretar\u00eda de Pol\u00edticas Sociales, Sanitarias y Derechos&#8230;<\/p>\n","protected":false},"author":1,"featured_media":56669,"comment_status":"closed","ping_status":"closed","sticky":false,"template":"","format":"standard","meta":{"footnotes":""},"categories":[3],"tags":[],"class_list":["post-56668","post","type-post","status-publish","format-standard","has-post-thumbnail","hentry","category-noticias"],"jetpack_featured_media_url":"https:\/\/hablemosclarotdf.com.ar\/wp-content\/uploads\/2025\/11\/photo_2025-11-04_12-38-58.jpg","_links":{"self":[{"href":"https:\/\/hablemosclarotdf.com.ar\/index.php?rest_route=\/wp\/v2\/posts\/56668","targetHints":{"allow":["GET"]}}],"collection":[{"href":"https:\/\/hablemosclarotdf.com.ar\/index.php?rest_route=\/wp\/v2\/posts"}],"about":[{"href":"https:\/\/hablemosclarotdf.com.ar\/index.php?rest_route=\/wp\/v2\/types\/post"}],"author":[{"embeddable":true,"href":"https:\/\/hablemosclarotdf.com.ar\/index.php?rest_route=\/wp\/v2\/users\/1"}],"replies":[{"embeddable":true,"href":"https:\/\/hablemosclarotdf.com.ar\/index.php?rest_route=%2Fwp%2Fv2%2Fcomments&post=56668"}],"version-history":[{"count":1,"href":"https:\/\/hablemosclarotdf.com.ar\/index.php?rest_route=\/wp\/v2\/posts\/56668\/revisions"}],"predecessor-version":[{"id":56670,"href":"https:\/\/hablemosclarotdf.com.ar\/index.php?rest_route=\/wp\/v2\/posts\/56668\/revisions\/56670"}],"wp:featuredmedia":[{"embeddable":true,"href":"https:\/\/hablemosclarotdf.com.ar\/index.php?rest_route=\/wp\/v2\/media\/56669"}],"wp:attachment":[{"href":"https:\/\/hablemosclarotdf.com.ar\/index.php?rest_route=%2Fwp%2Fv2%2Fmedia&parent=56668"}],"wp:term":[{"taxonomy":"category","embeddable":true,"href":"https:\/\/hablemosclarotdf.com.ar\/index.php?rest_route=%2Fwp%2Fv2%2Fcategories&post=56668"},{"taxonomy":"post_tag","embeddable":true,"href":"https:\/\/hablemosclarotdf.com.ar\/index.php?rest_route=%2Fwp%2Fv2%2Ftags&post=56668"}],"curies":[{"name":"wp","href":"https:\/\/api.w.org\/{rel}","templated":true}]}}